{"id":13570,"date":"2019-04-10T16:26:15","date_gmt":"2019-04-10T19:26:15","guid":{"rendered":"https:\/\/www.lasrosas.com.ar\/portal\/?p=13570"},"modified":"2019-04-13T10:28:40","modified_gmt":"2019-04-13T13:28:40","slug":"enterate-cuando-sera-la-fecha-de-los-martin-fierro","status":"publish","type":"post","link":"https:\/\/www.lasrosas.com.ar\/portal\/enterate-cuando-sera-la-fecha-de-los-martin-fierro\/","title":{"rendered":"ENTERATE CU\u00c1NDO SER\u00c1N LOS MART\u00cdN FIERRO"},"content":{"rendered":"<h3><strong>Telefe ser\u00e1 el encargado de transmitir los premios m\u00e1s importantes de la televisi\u00f3n Argentina. En esta nota te contamos los detalles.<\/strong><\/h3>\n<p>Este a\u00f1o, el canal de televisi\u00f3n <strong>Telefe<\/strong> realizar\u00e1 la transmisi\u00f3n en vivo de la ceremonia de los <strong>Mart\u00edn Fierro<\/strong>. Nuevamente, la entrega de premios organizada por <strong>APTRA<\/strong>\u00a0se encargar\u00e1 de distinguir a las mejores producciones del a\u00f1o pasado.<\/p>\n<p>Hay varios rumores sobre esta gran noche. En primer lugar, se espera que sea el<strong> 2 junio<\/strong> y, en segundo lugar, se espera que el posible conductor de la gala ser\u00eda <strong>Marley<\/strong>, el protagonista del programa<em> \u00abPor el mundo\u00bb.<\/em><\/p>\n<p><img decoding=\"async\" class=\"alignnone size-full wp-image-9074 lazyload\" data-src=\"https:\/\/www.lasrosas.com.ar\/portal\/wp-content\/uploads\/MIRKO-Y-MARLEY_Mesa-de-trabajo-1.jpg\" alt=\"\" width=\"800\" height=\"600\" data-srcset=\"https:\/\/www.lasrosas.com.ar\/portal\/wp-content\/uploads\/MIRKO-Y-MARLEY_Mesa-de-trabajo-1.jpg 800w, https:\/\/www.lasrosas.com.ar\/portal\/wp-content\/uploads\/MIRKO-Y-MARLEY_Mesa-de-trabajo-1-640x480.jpg 640w\" data-sizes=\"(max-width: 800px) 100vw, 800px\" src=\"data:image\/svg+xml;base64,PHN2ZyB3aWR0aD0iMSIgaGVpZ2h0PSIxIiB4bWxucz0iaHR0cDovL3d3dy53My5vcmcvMjAwMC9zdmciPjwvc3ZnPg==\" style=\"--smush-placeholder-width: 800px; --smush-placeholder-aspect-ratio: 800\/600;\" \/><\/p>\n<p>En este \u00faltimo tiempo, el canal l\u00edder, se encarg\u00f3 de sumar varias estrellas a su pantalla como por ejemplo; <strong>Paula Chaves, Zaira Nara, Pedro Alfonso, Lizy Tagliani<\/strong>, entre otros, que seguramente estar\u00e1n representando a su nueva casa.<\/p>\n<p>&nbsp;<\/p>\n<p>&nbsp;<\/p>\n<p>&nbsp;<\/p>\n<p>&nbsp;<\/p>\n<!-- AddThis Advanced Settings generic via filter on the_content --><!-- AddThis Share Buttons generic via filter on the_content -->","protected":false},"excerpt":{"rendered":"<p>Telefe ser\u00e1 el encargado de transmitir los premios m\u00e1s importantes de la televisi\u00f3n Argentina. En esta nota te contamos los detalles. Este a\u00f1o, el canal de televisi\u00f3n Telefe realizar\u00e1 la transmisi\u00f3n en vivo de la ceremonia de los Mart\u00edn Fierro. Nuevamente, la entrega de premios organizada por APTRA\u00a0se encargar\u00e1 de distinguir a las mejores producciones [&hellip;]<!-- AddThis Advanced Settings generic via filter on get_the_excerpt --><!-- AddThis Share Buttons generic via filter on get_the_excerpt --><\/p>\n","protected":false},"author":6,"featured_media":13571,"comment_status":"closed","ping_status":"open","sticky":false,"template":"","format":"standard","meta":{"_acf_changed":false,"om_disable_all_campaigns":false,"_monsterinsights_skip_tracking":false,"_monsterinsights_sitenote_active":false,"_monsterinsights_sitenote_note":"","_monsterinsights_sitenote_category":0,"_uf_show_specific_survey":0,"_uf_disable_surveys":false,"footnotes":""},"categories":[100],"tags":[],"class_list":["post-13570","post","type-post","status-publish","format-standard","has-post-thumbnail","hentry","category-noticias"],"acf":[],"aioseo_notices":[],"_links":{"self":[{"href":"https:\/\/www.lasrosas.com.ar\/portal\/wp-json\/wp\/v2\/posts\/13570","targetHints":{"allow":["GET"]}}],"collection":[{"href":"https:\/\/www.lasrosas.com.ar\/portal\/wp-json\/wp\/v2\/posts"}],"about":[{"href":"https:\/\/www.lasrosas.com.ar\/portal\/wp-json\/wp\/v2\/types\/post"}],"author":[{"embeddable":true,"href":"https:\/\/www.lasrosas.com.ar\/portal\/wp-json\/wp\/v2\/users\/6"}],"replies":[{"embeddable":true,"href":"https:\/\/www.lasrosas.com.ar\/portal\/wp-json\/wp\/v2\/comments?post=13570"}],"version-history":[{"count":0,"href":"https:\/\/www.lasrosas.com.ar\/portal\/wp-json\/wp\/v2\/posts\/13570\/revisions"}],"wp:featuredmedia":[{"embeddable":true,"href":"https:\/\/www.lasrosas.com.ar\/portal\/wp-json\/wp\/v2\/media\/13571"}],"wp:attachment":[{"href":"https:\/\/www.lasrosas.com.ar\/portal\/wp-json\/wp\/v2\/media?parent=13570"}],"wp:term":[{"taxonomy":"category","embeddable":true,"href":"https:\/\/www.lasrosas.com.ar\/portal\/wp-json\/wp\/v2\/categories?post=13570"},{"taxonomy":"post_tag","embeddable":true,"href":"https:\/\/www.lasrosas.com.ar\/portal\/wp-json\/wp\/v2\/tags?post=13570"}],"curies":[{"name":"wp","href":"https:\/\/api.w.org\/{rel}","templated":true}]}}