{"id":13551,"date":"2019-04-10T20:00:43","date_gmt":"2019-04-10T23:00:43","guid":{"rendered":"https:\/\/www.lasrosas.com.ar\/portal\/?p=13551"},"modified":"2019-04-23T14:25:32","modified_gmt":"2019-04-23T17:25:32","slug":"agus-casanova-conducir-en-vivo-me-llena-de-adrenalina","status":"publish","type":"post","link":"https:\/\/www.lasrosas.com.ar\/portal\/agus-casanova-conducir-en-vivo-me-llena-de-adrenalina\/","title":{"rendered":"AGUS CASANOVA \u00abCONDUCIR EN VIVO ME LLENA DE ADRENALINA\u00bb"},"content":{"rendered":"<h3><strong>Estudi\u00f3 periodismo y est\u00e1 casada desde hace varios a\u00f1os con Lautaro Mauro. Sus redes son una bomba, donde combina su profesi\u00f3n, el periodismo, la conducci\u00f3n, ser modelo e influencer. Trabaj\u00f3 para Magazine, Canal CM, E!, TyC Sports y conduciendo Telef\u00e9 Noticias y mucho m\u00e1s.<\/strong><\/h3>\n<h3><strong>En esta entrevista conoc\u00e9 todos los proyectos que tiene para este a\u00f1o, las experiencias m\u00e1s enriquecedoras y no tanto. Mir\u00e1 la producci\u00f3n exclusiva que le realizamos a nuestra cover girl de abril de LAS ROSAS: \u00a1Agus Casanova!<\/strong><\/h3>\n\r\n\t\t<style type='text\/css'>\r\n\t\t\t#gallery-1 {\r\n\t\t\t\tmargin: auto;\r\n\t\t\t}\r\n\t\t\t#gallery-1 .gallery-item {\r\n\t\t\t\tfloat: left;\r\n\t\t\t\tmargin-top: 10px;\r\n\t\t\t\ttext-align: center;\r\n\t\t\t\twidth: 33%;\r\n\t\t\t}\r\n\t\t\t#gallery-1 img {\r\n\t\t\t\tborder: 2px solid #cfcfcf;\r\n\t\t\t}\r\n\t\t\t#gallery-1 .gallery-caption {\r\n\t\t\t\tmargin-left: 0;\r\n\t\t\t}\r\n\t\t<\/style>\r\n\t\t<!-- see gallery_shortcode() in wp-includes\/media.php -->\n\t\t<div id='gallery-1' class='gallery galleryid-13551 gallery-columns-3 gallery-size-full gallery1'><script type=\"text\/javascript\">\r\n\/\/ <![CDATA[\r\n\tjQuery(document).ready(function () {\r\n\t\tjQuery(\".gallery1 a\").attr(\"rel\",\"gallery1\");\t\r\n\t\tjQuery('a[rel=\"gallery1\"]').colorbox({maxWidth:\"95%\", maxHeight:\"95%\",title: function(){ return jQuery(this).children().attr(\"alt\"); }, });\r\n\t});\r\n\/\/ ]]>\r\n<\/script>\n<dl class=\"gallery-item\">\n<dt class=\"gallery-icon\">\r\n<a href=\"https:\/\/www.lasrosas.com.ar\/portal\/wp-content\/uploads\/AGUS-CASANOVA-6.jpg\" title=\"\" rel=\"gallery1\"><img decoding=\"async\" data-src=\"https:\/\/www.lasrosas.com.ar\/portal\/wp-content\/uploads\/AGUS-CASANOVA-6.jpg\" width=\"819\" height=\"1229\" alt=\"\" src=\"data:image\/svg+xml;base64,PHN2ZyB3aWR0aD0iMSIgaGVpZ2h0PSIxIiB4bWxucz0iaHR0cDovL3d3dy53My5vcmcvMjAwMC9zdmciPjwvc3ZnPg==\" class=\"lazyload\" style=\"--smush-placeholder-width: 819px; --smush-placeholder-aspect-ratio: 819\/1229;\" \/><\/a>\r\n<\/dt><\/dl><dl class=\"gallery-item\">\n<dt class=\"gallery-icon\">\r\n<a href=\"https:\/\/www.lasrosas.com.ar\/portal\/wp-content\/uploads\/AGUS-CASANOVA-5.jpg\" title=\"\" rel=\"gallery1\"><img decoding=\"async\" data-src=\"https:\/\/www.lasrosas.com.ar\/portal\/wp-content\/uploads\/AGUS-CASANOVA-5.jpg\" width=\"819\" height=\"1229\" alt=\"\" src=\"data:image\/svg+xml;base64,PHN2ZyB3aWR0aD0iMSIgaGVpZ2h0PSIxIiB4bWxucz0iaHR0cDovL3d3dy53My5vcmcvMjAwMC9zdmciPjwvc3ZnPg==\" class=\"lazyload\" style=\"--smush-placeholder-width: 819px; --smush-placeholder-aspect-ratio: 819\/1229;\" \/><\/a>\r\n<\/dt><\/dl><dl class=\"gallery-item\">\n<dt class=\"gallery-icon\">\r\n<a href=\"https:\/\/www.lasrosas.com.ar\/portal\/wp-content\/uploads\/AGUS-CASANOVA-7.jpg\" title=\"\" rel=\"gallery1\"><img decoding=\"async\" data-src=\"https:\/\/www.lasrosas.com.ar\/portal\/wp-content\/uploads\/AGUS-CASANOVA-7.jpg\" width=\"819\" height=\"1229\" alt=\"\" src=\"data:image\/svg+xml;base64,PHN2ZyB3aWR0aD0iMSIgaGVpZ2h0PSIxIiB4bWxucz0iaHR0cDovL3d3dy53My5vcmcvMjAwMC9zdmciPjwvc3ZnPg==\" class=\"lazyload\" style=\"--smush-placeholder-width: 819px; --smush-placeholder-aspect-ratio: 819\/1229;\" \/><\/a>\r\n<\/dt><\/dl><br style=\"clear: both\" \/>\r\n\t\t<\/div>\n\n<p><strong>\u00bfM\u00e1s modelo o m\u00e1s conductora? \u00bfD\u00f3nde te encontr\u00e1s con vos misma?<\/strong><\/p>\n<p>Mi profesi\u00f3n es el periodismo por sobre todo, conducir en vivo me llena de adrenalina y me siento feliz. Disfruto mucho el ida y vuelta que se produce en la radio con los oyentes. El modelaje y las redes tambi\u00e9n son trabajos al que me gusta dedicarle tiempo.<\/p>\n<p><strong>\u00bfQu\u00e9 experiencias de tus comienzos fueron tu mejor aprendizaje?<\/strong><\/p>\n<p>Una linda experiencia fue el d\u00eda que Nicol\u00e1s Repetto poco antes de debutar un programa nuevo me propone formar parte de su staff en pantalla en \u201cNico Trasnochado\u201d los s\u00e1bados a la noche por Canal 13, despu\u00e9s de haber pasado meses como productora armando el programa.<\/p>\n<p>De Nico aprend\u00ed mucho y siempre voy a estar agradecida por su confianza y la oportunidad. Ser aut\u00e9ntica fue mi mejor aprendizaje.<\/p>\n<p><strong>\u00bfCu\u00e1l fue tu mejor y peor momento period\u00edstico?<\/strong><\/p>\n<p>El m\u00e1s triste fue estar en vivo conduciendo el noticiero del mediod\u00eda de Telef\u00e9 y tener que cambiar de repente toda la rutina por la tragedia de Once. Fue algo que nunca me voy a olvidar.<\/p>\n<p>El mejor momento fue anunciar que el nuevo Papa era argentino. Luego pude tener un encuentro privado en el Vaticano con Francisco que me movilizo mucho.<\/p>\n\r\n\t\t<style type='text\/css'>\r\n\t\t\t#gallery-2 {\r\n\t\t\t\tmargin: auto;\r\n\t\t\t}\r\n\t\t\t#gallery-2 .gallery-item {\r\n\t\t\t\tfloat: left;\r\n\t\t\t\tmargin-top: 10px;\r\n\t\t\t\ttext-align: center;\r\n\t\t\t\twidth: 50%;\r\n\t\t\t}\r\n\t\t\t#gallery-2 img {\r\n\t\t\t\tborder: 2px solid #cfcfcf;\r\n\t\t\t}\r\n\t\t\t#gallery-2 .gallery-caption {\r\n\t\t\t\tmargin-left: 0;\r\n\t\t\t}\r\n\t\t<\/style>\r\n\t\t<!-- see gallery_shortcode() in wp-includes\/media.php -->\n\t\t<div id='gallery-2' class='gallery galleryid-13551 gallery-columns-2 gallery-size-full gallery1'><script type=\"text\/javascript\">\r\n\/\/ <![CDATA[\r\n\tjQuery(document).ready(function () {\r\n\t\tjQuery(\".gallery1 a\").attr(\"rel\",\"gallery1\");\t\r\n\t\tjQuery('a[rel=\"gallery1\"]').colorbox({maxWidth:\"95%\", maxHeight:\"95%\",title: function(){ return jQuery(this).children().attr(\"alt\"); }, });\r\n\t});\r\n\/\/ ]]>\r\n<\/script>\n<dl class=\"gallery-item\">\n<dt class=\"gallery-icon\">\r\n<a href=\"https:\/\/www.lasrosas.com.ar\/portal\/wp-content\/uploads\/AGUS-CASANOVA-10.jpg\" title=\"\" rel=\"gallery1\"><img decoding=\"async\" data-src=\"https:\/\/www.lasrosas.com.ar\/portal\/wp-content\/uploads\/AGUS-CASANOVA-10.jpg\" width=\"1264\" height=\"983\" alt=\"\" src=\"data:image\/svg+xml;base64,PHN2ZyB3aWR0aD0iMSIgaGVpZ2h0PSIxIiB4bWxucz0iaHR0cDovL3d3dy53My5vcmcvMjAwMC9zdmciPjwvc3ZnPg==\" class=\"lazyload\" style=\"--smush-placeholder-width: 1264px; --smush-placeholder-aspect-ratio: 1264\/983;\" \/><\/a>\r\n<\/dt><\/dl><dl class=\"gallery-item\">\n<dt class=\"gallery-icon\">\r\n<a href=\"https:\/\/www.lasrosas.com.ar\/portal\/wp-content\/uploads\/AGUS-CASANOVA-12.jpg\" title=\"\" rel=\"gallery1\"><img decoding=\"async\" data-src=\"https:\/\/www.lasrosas.com.ar\/portal\/wp-content\/uploads\/AGUS-CASANOVA-12.jpg\" width=\"847\" height=\"657\" alt=\"\" src=\"data:image\/svg+xml;base64,PHN2ZyB3aWR0aD0iMSIgaGVpZ2h0PSIxIiB4bWxucz0iaHR0cDovL3d3dy53My5vcmcvMjAwMC9zdmciPjwvc3ZnPg==\" class=\"lazyload\" style=\"--smush-placeholder-width: 847px; --smush-placeholder-aspect-ratio: 847\/657;\" \/><\/a>\r\n<\/dt><\/dl><br style=\"clear: both\" \/>\r\n\t\t<\/div>\n\n<p><strong>\u00bfPensaste emprender negocios paralelos a tu profesi\u00f3n?<\/strong><\/p>\n<p>S\u00ed, lanc\u00e9 dos l\u00edneas de accesorios para mujeres de la marca Vados del Isen con mi nombre y sobre todo con mi impronta. Me encant\u00f3 la idea, fue algo distinto, pude ser creativa.<\/p>\n<p><strong>\u00bfD\u00f3nde te veremos este 2019?<\/strong><\/p>\n<p>El 2019 ser\u00e1 un a\u00f1o cargado de actividades , arranco conduciendo junto a Fede Gentile la 5ta temporada de Morning Time por Radio One FM 103.7 de Lunes a Viernes con nuevo horario de 10 hs a 13 hs.<\/p>\n<p>Sigo con la columna de espect\u00e1culos en el Noticiero de las 20 hs de Telef\u00e9. Tambi\u00e9n contin\u00fao conduciendo los S\u00e1bados de 13 hs a 14:30 hs Tarde Xtra por C5N.\u00a0 A todo esto hay que sumarle los trabajos como modelo y en el redes de la mano de la agencia Multitalent.<\/p>\n<p><strong>\u00bfCu\u00e1l fue tu mejor experiencia de trabajo en los medios? <\/strong><\/p>\n<p>Una experiencia distinta fue la cobertura desde Holanda sobre la coronaci\u00f3n de M\u00e1xima como Reina de los Pa\u00edses Bajos.<\/p>\n\r\n\t\t<style type='text\/css'>\r\n\t\t\t#gallery-3 {\r\n\t\t\t\tmargin: auto;\r\n\t\t\t}\r\n\t\t\t#gallery-3 .gallery-item {\r\n\t\t\t\tfloat: left;\r\n\t\t\t\tmargin-top: 10px;\r\n\t\t\t\ttext-align: center;\r\n\t\t\t\twidth: 33%;\r\n\t\t\t}\r\n\t\t\t#gallery-3 img {\r\n\t\t\t\tborder: 2px solid #cfcfcf;\r\n\t\t\t}\r\n\t\t\t#gallery-3 .gallery-caption {\r\n\t\t\t\tmargin-left: 0;\r\n\t\t\t}\r\n\t\t<\/style>\r\n\t\t<!-- see gallery_shortcode() in wp-includes\/media.php -->\n\t\t<div id='gallery-3' class='gallery galleryid-13551 gallery-columns-3 gallery-size-full gallery1'><script type=\"text\/javascript\">\r\n\/\/ <![CDATA[\r\n\tjQuery(document).ready(function () {\r\n\t\tjQuery(\".gallery1 a\").attr(\"rel\",\"gallery1\");\t\r\n\t\tjQuery('a[rel=\"gallery1\"]').colorbox({maxWidth:\"95%\", maxHeight:\"95%\",title: function(){ return jQuery(this).children().attr(\"alt\"); }, });\r\n\t});\r\n\/\/ ]]>\r\n<\/script>\n<dl class=\"gallery-item\">\n<dt class=\"gallery-icon\">\r\n<a href=\"https:\/\/www.lasrosas.com.ar\/portal\/wp-content\/uploads\/AGUS-CASANOVA-3.jpg\" title=\"\" rel=\"gallery1\"><img decoding=\"async\" data-src=\"https:\/\/www.lasrosas.com.ar\/portal\/wp-content\/uploads\/AGUS-CASANOVA-3.jpg\" width=\"819\" height=\"1229\" alt=\"\" src=\"data:image\/svg+xml;base64,PHN2ZyB3aWR0aD0iMSIgaGVpZ2h0PSIxIiB4bWxucz0iaHR0cDovL3d3dy53My5vcmcvMjAwMC9zdmciPjwvc3ZnPg==\" class=\"lazyload\" style=\"--smush-placeholder-width: 819px; --smush-placeholder-aspect-ratio: 819\/1229;\" \/><\/a>\r\n<\/dt><\/dl><dl class=\"gallery-item\">\n<dt class=\"gallery-icon\">\r\n<a href=\"https:\/\/www.lasrosas.com.ar\/portal\/wp-content\/uploads\/AGUS-CASANOVA-2.jpg\" title=\"\" rel=\"gallery1\"><img decoding=\"async\" data-src=\"https:\/\/www.lasrosas.com.ar\/portal\/wp-content\/uploads\/AGUS-CASANOVA-2.jpg\" width=\"819\" height=\"1229\" alt=\"\" src=\"data:image\/svg+xml;base64,PHN2ZyB3aWR0aD0iMSIgaGVpZ2h0PSIxIiB4bWxucz0iaHR0cDovL3d3dy53My5vcmcvMjAwMC9zdmciPjwvc3ZnPg==\" class=\"lazyload\" style=\"--smush-placeholder-width: 819px; --smush-placeholder-aspect-ratio: 819\/1229;\" \/><\/a>\r\n<\/dt><\/dl><dl class=\"gallery-item\">\n<dt class=\"gallery-icon\">\r\n<a href=\"https:\/\/www.lasrosas.com.ar\/portal\/wp-content\/uploads\/AGUS-CASANOVA-4.jpg\" title=\"\" rel=\"gallery1\"><img decoding=\"async\" data-src=\"https:\/\/www.lasrosas.com.ar\/portal\/wp-content\/uploads\/AGUS-CASANOVA-4.jpg\" width=\"819\" height=\"1229\" alt=\"\" src=\"data:image\/svg+xml;base64,PHN2ZyB3aWR0aD0iMSIgaGVpZ2h0PSIxIiB4bWxucz0iaHR0cDovL3d3dy53My5vcmcvMjAwMC9zdmciPjwvc3ZnPg==\" class=\"lazyload\" style=\"--smush-placeholder-width: 819px; --smush-placeholder-aspect-ratio: 819\/1229;\" \/><\/a>\r\n<\/dt><\/dl><br style=\"clear: both\" \/>\r\n\t\t<\/div>\n\n<p><strong>\u00bfCrees que los hijos completar\u00edan su relaci\u00f3n de tantos a\u00f1os? <\/strong><\/p>\n<p>Los hijos son muy importantes en las parejas y hay que saber buscar el momento oportuno para dedicarles lo m\u00e1ximo de uno. Quiero ser una madre presente.<\/p>\n<p><strong>\u00bfC\u00f3mo manej\u00e1s los sentimientos en tus redes? <\/strong><\/p>\n<p>Yo en las redes trato de ser aut\u00e9ntica y org\u00e1nica para transmitir algo genuino y relajado.<\/p>\n<p><strong>\u00bfPor qu\u00e9 expon\u00e9s poco a Lautaro?<\/strong><\/p>\n<p>Mis redes es un lindo v\u00ednculo con mis seguidores. Es algo personal y no recibo tantas agresiones. Cuando te expones en las redes hay que conocer las reglas del juego y no enojarse.<\/p>\n\r\n\t\t<style type='text\/css'>\r\n\t\t\t#gallery-4 {\r\n\t\t\t\tmargin: auto;\r\n\t\t\t}\r\n\t\t\t#gallery-4 .gallery-item {\r\n\t\t\t\tfloat: left;\r\n\t\t\t\tmargin-top: 10px;\r\n\t\t\t\ttext-align: center;\r\n\t\t\t\twidth: 50%;\r\n\t\t\t}\r\n\t\t\t#gallery-4 img {\r\n\t\t\t\tborder: 2px solid #cfcfcf;\r\n\t\t\t}\r\n\t\t\t#gallery-4 .gallery-caption {\r\n\t\t\t\tmargin-left: 0;\r\n\t\t\t}\r\n\t\t<\/style>\r\n\t\t<!-- see gallery_shortcode() in wp-includes\/media.php -->\n\t\t<div id='gallery-4' class='gallery galleryid-13551 gallery-columns-2 gallery-size-full gallery1'><script type=\"text\/javascript\">\r\n\/\/ <![CDATA[\r\n\tjQuery(document).ready(function () {\r\n\t\tjQuery(\".gallery1 a\").attr(\"rel\",\"gallery1\");\t\r\n\t\tjQuery('a[rel=\"gallery1\"]').colorbox({maxWidth:\"95%\", maxHeight:\"95%\",title: function(){ return jQuery(this).children().attr(\"alt\"); }, });\r\n\t});\r\n\/\/ ]]>\r\n<\/script>\n<dl class=\"gallery-item\">\n<dt class=\"gallery-icon\">\r\n<a href=\"https:\/\/www.lasrosas.com.ar\/portal\/wp-content\/uploads\/IMG_8799ret-1920x1760.jpg\" title=\"\" rel=\"gallery1\"><img decoding=\"async\" data-src=\"https:\/\/www.lasrosas.com.ar\/portal\/wp-content\/uploads\/IMG_8799ret.jpg\" width=\"2952\" height=\"2706\" alt=\"\" src=\"data:image\/svg+xml;base64,PHN2ZyB3aWR0aD0iMSIgaGVpZ2h0PSIxIiB4bWxucz0iaHR0cDovL3d3dy53My5vcmcvMjAwMC9zdmciPjwvc3ZnPg==\" class=\"lazyload\" style=\"--smush-placeholder-width: 2952px; --smush-placeholder-aspect-ratio: 2952\/2706;\" \/><\/a>\r\n<\/dt><\/dl><dl class=\"gallery-item\">\n<dt class=\"gallery-icon\">\r\n<a href=\"https:\/\/www.lasrosas.com.ar\/portal\/wp-content\/uploads\/AGUS-CASANOVA-11.jpg\" title=\"\" rel=\"gallery1\"><img decoding=\"async\" data-src=\"https:\/\/www.lasrosas.com.ar\/portal\/wp-content\/uploads\/AGUS-CASANOVA-11.jpg\" width=\"1060\" height=\"983\" alt=\"\" src=\"data:image\/svg+xml;base64,PHN2ZyB3aWR0aD0iMSIgaGVpZ2h0PSIxIiB4bWxucz0iaHR0cDovL3d3dy53My5vcmcvMjAwMC9zdmciPjwvc3ZnPg==\" class=\"lazyload\" style=\"--smush-placeholder-width: 1060px; --smush-placeholder-aspect-ratio: 1060\/983;\" \/><\/a>\r\n<\/dt><\/dl><br style=\"clear: both\" \/>\r\n\t\t<\/div>\n\n<p><strong>\u00bfFestejan los aniversarios de casados con Lautaro?<\/strong><\/p>\n<p>Obvio, somos de festejar aniversarios, tenemos una larga relaci\u00f3n de casi 12 a\u00f1os y tratamos de ayudarnos mutuamente y de pasarla lo mejor posible siempre muy unidos y respet\u00e1ndonos.<\/p>\n<p><strong>\u00bfTe hizo alguna vez viajes sorpresa?<\/strong><\/p>\n<p>Viajamos mucho por todos lados durante a\u00f1os. Es nuestro cable a tierra. Siempre estamos pensando lugares nuevos para descubrir. Mucho no me puede sorprender con los viajes porque tengo que hacer coincidir mis d\u00edas libres con mis tres trabajos.<\/p>\n\r\n\t\t<style type='text\/css'>\r\n\t\t\t#gallery-5 {\r\n\t\t\t\tmargin: auto;\r\n\t\t\t}\r\n\t\t\t#gallery-5 .gallery-item {\r\n\t\t\t\tfloat: left;\r\n\t\t\t\tmargin-top: 10px;\r\n\t\t\t\ttext-align: center;\r\n\t\t\t\twidth: 50%;\r\n\t\t\t}\r\n\t\t\t#gallery-5 img {\r\n\t\t\t\tborder: 2px solid #cfcfcf;\r\n\t\t\t}\r\n\t\t\t#gallery-5 .gallery-caption {\r\n\t\t\t\tmargin-left: 0;\r\n\t\t\t}\r\n\t\t<\/style>\r\n\t\t<!-- see gallery_shortcode() in wp-includes\/media.php -->\n\t\t<div id='gallery-5' class='gallery galleryid-13551 gallery-columns-2 gallery-size-full gallery1'><script type=\"text\/javascript\">\r\n\/\/ <![CDATA[\r\n\tjQuery(document).ready(function () {\r\n\t\tjQuery(\".gallery1 a\").attr(\"rel\",\"gallery1\");\t\r\n\t\tjQuery('a[rel=\"gallery1\"]').colorbox({maxWidth:\"95%\", maxHeight:\"95%\",title: function(){ return jQuery(this).children().attr(\"alt\"); }, });\r\n\t});\r\n\/\/ ]]>\r\n<\/script>\n<dl class=\"gallery-item\">\n<dt class=\"gallery-icon\">\r\n<a href=\"https:\/\/www.lasrosas.com.ar\/portal\/wp-content\/uploads\/AGUS-CASANOVA-14.jpg\" title=\"\" rel=\"gallery1\"><img decoding=\"async\" data-src=\"https:\/\/www.lasrosas.com.ar\/portal\/wp-content\/uploads\/AGUS-CASANOVA-14.jpg\" width=\"983\" height=\"1475\" alt=\"\" src=\"data:image\/svg+xml;base64,PHN2ZyB3aWR0aD0iMSIgaGVpZ2h0PSIxIiB4bWxucz0iaHR0cDovL3d3dy53My5vcmcvMjAwMC9zdmciPjwvc3ZnPg==\" class=\"lazyload\" style=\"--smush-placeholder-width: 983px; --smush-placeholder-aspect-ratio: 983\/1475;\" \/><\/a>\r\n<\/dt><\/dl><dl class=\"gallery-item\">\n<dt class=\"gallery-icon\">\r\n<a href=\"https:\/\/www.lasrosas.com.ar\/portal\/wp-content\/uploads\/AGUS-CASANOVA-1.jpg\" title=\"\" rel=\"gallery1\"><img decoding=\"async\" data-src=\"https:\/\/www.lasrosas.com.ar\/portal\/wp-content\/uploads\/AGUS-CASANOVA-1.jpg\" width=\"983\" height=\"1475\" alt=\"\" src=\"data:image\/svg+xml;base64,PHN2ZyB3aWR0aD0iMSIgaGVpZ2h0PSIxIiB4bWxucz0iaHR0cDovL3d3dy53My5vcmcvMjAwMC9zdmciPjwvc3ZnPg==\" class=\"lazyload\" style=\"--smush-placeholder-width: 983px; --smush-placeholder-aspect-ratio: 983\/1475;\" \/><\/a>\r\n<\/dt><\/dl><br style=\"clear: both\" \/>\r\n\t\t<\/div>\n\n<h3><strong>PING PONG<\/strong><\/h3>\n<p>Fan de: <strong>Arjona<\/strong><\/p>\n<p>Tu debilidad: <strong>Chocolate<\/strong><\/p>\n<p>Un juego: <strong>Truco<\/strong><\/p>\n<p>Una playa: <strong>St Barth<\/strong><\/p>\n<p>Tu fortaleza: <strong>Ser perseverante<\/strong><\/p>\n<p>Una prioridad: <strong>Ser feliz<\/strong><\/p>\n<p>Una amiga del medio:<strong> Sof\u00eda Fidalgo<\/strong><\/p>\n<p>Una pasi\u00f3n: <strong>Comunicar<\/strong><\/p>\n<!-- AddThis Advanced Settings generic via filter on the_content --><!-- AddThis Share Buttons generic via filter on the_content -->","protected":false},"excerpt":{"rendered":"<p>Estudi\u00f3 periodismo y est\u00e1 casada desde hace varios a\u00f1os con Lautaro Mauro. Sus redes son una bomba, donde combina su profesi\u00f3n, el periodismo, la conducci\u00f3n, ser modelo e influencer. Trabaj\u00f3 para Magazine, Canal CM, E!, TyC Sports y conduciendo Telef\u00e9 Noticias y mucho m\u00e1s. En esta entrevista conoc\u00e9 todos los proyectos que tiene para este [&hellip;]<!-- AddThis Advanced Settings generic via filter on get_the_excerpt --><!-- AddThis Share Buttons generic via filter on get_the_excerpt --><\/p>\n","protected":false},"author":6,"featured_media":13560,"comment_status":"closed","ping_status":"open","sticky":false,"template":"","format":"standard","meta":{"_acf_changed":false,"om_disable_all_campaigns":false,"_monsterinsights_skip_tracking":false,"_monsterinsights_sitenote_active":false,"_monsterinsights_sitenote_note":"","_monsterinsights_sitenote_category":0,"_uf_show_specific_survey":0,"_uf_disable_surveys":false,"footnotes":""},"categories":[236,234,100],"tags":[],"class_list":["post-13551","post","type-post","status-publish","format-standard","has-post-thumbnail","hentry","category-cover-tapa","category-trend","category-noticias"],"acf":[],"aioseo_notices":[],"_links":{"self":[{"href":"https:\/\/www.lasrosas.com.ar\/portal\/wp-json\/wp\/v2\/posts\/13551","targetHints":{"allow":["GET"]}}],"collection":[{"href":"https:\/\/www.lasrosas.com.ar\/portal\/wp-json\/wp\/v2\/posts"}],"about":[{"href":"https:\/\/www.lasrosas.com.ar\/portal\/wp-json\/wp\/v2\/types\/post"}],"author":[{"embeddable":true,"href":"https:\/\/www.lasrosas.com.ar\/portal\/wp-json\/wp\/v2\/users\/6"}],"replies":[{"embeddable":true,"href":"https:\/\/www.lasrosas.com.ar\/portal\/wp-json\/wp\/v2\/comments?post=13551"}],"version-history":[{"count":0,"href":"https:\/\/www.lasrosas.com.ar\/portal\/wp-json\/wp\/v2\/posts\/13551\/revisions"}],"wp:featuredmedia":[{"embeddable":true,"href":"https:\/\/www.lasrosas.com.ar\/portal\/wp-json\/wp\/v2\/media\/13560"}],"wp:attachment":[{"href":"https:\/\/www.lasrosas.com.ar\/portal\/wp-json\/wp\/v2\/media?parent=13551"}],"wp:term":[{"taxonomy":"category","embeddable":true,"href":"https:\/\/www.lasrosas.com.ar\/portal\/wp-json\/wp\/v2\/categories?post=13551"},{"taxonomy":"post_tag","embeddable":true,"href":"https:\/\/www.lasrosas.com.ar\/portal\/wp-json\/wp\/v2\/tags?post=13551"}],"curies":[{"name":"wp","href":"https:\/\/api.w.org\/{rel}","templated":true}]}}