{"id":13388,"date":"2019-04-08T15:02:41","date_gmt":"2019-04-08T18:02:41","guid":{"rendered":"https:\/\/www.lasrosas.com.ar\/portal\/?p=13388"},"modified":"2019-04-08T17:53:46","modified_gmt":"2019-04-08T20:53:46","slug":"clarita-cao-con-ganas-siempre-se-puede","status":"publish","type":"post","link":"https:\/\/www.lasrosas.com.ar\/portal\/clarita-cao-con-ganas-siempre-se-puede\/","title":{"rendered":"CLARITA CAO \u00abCON GANAS SIEMPRE SE PUEDE\u00bb"},"content":{"rendered":"<h3><strong>No es dif\u00edcil distinguir a Clarita Cao en el medio de una multitud: su personalidad divertida, espont\u00e1nea y aut\u00e9ntica resalta por sobre todas cosas. Con la c\u00e1mara atada a su mano, recorre el mundo cumpliendo su sue\u00f1o de capturar momentos y personas \u00fanicas, haciendo m\u00e9rito a su frase de cabecera: \u201cSe nos va la vida\u201d.<\/strong><\/h3>\n<p><img decoding=\"async\" class=\"alignnone size-medium wp-image-13395 lazyload\" data-src=\"https:\/\/www.lasrosas.com.ar\/portal\/wp-content\/uploads\/CLARITA-CAO-6-960x720.jpg\" alt=\"\" width=\"960\" height=\"720\" data-srcset=\"https:\/\/www.lasrosas.com.ar\/portal\/wp-content\/uploads\/CLARITA-CAO-6-960x720.jpg 960w, https:\/\/www.lasrosas.com.ar\/portal\/wp-content\/uploads\/CLARITA-CAO-6-640x480.jpg 640w, https:\/\/www.lasrosas.com.ar\/portal\/wp-content\/uploads\/CLARITA-CAO-6-1920x1440.jpg 1920w\" data-sizes=\"(max-width: 960px) 100vw, 960px\" src=\"data:image\/svg+xml;base64,PHN2ZyB3aWR0aD0iMSIgaGVpZ2h0PSIxIiB4bWxucz0iaHR0cDovL3d3dy53My5vcmcvMjAwMC9zdmciPjwvc3ZnPg==\" style=\"--smush-placeholder-width: 960px; --smush-placeholder-aspect-ratio: 960\/720;\" \/><\/p>\n<p><strong>LO QUE EL 2019 TRAE<\/strong><\/p>\n<p>No soy muy de proyectar y pensar en el futuro, soy m\u00e1s de vivir el HOY. No pienso mucho en lo que vendr\u00e1, disfruto, tratando de viajar lo m\u00e1s que se pueda que es lo que m\u00e1s feliz me hace. Si tengo que decirte una cosa que tengo en mente: viajar.<\/p>\n<p><strong>VIVIR DE LA FOTOGRAF\u00cdA<\/strong><\/p>\n<p>La verdad que hoy en d\u00eda es un rubro que tiene gran demanda por lo que hay mucho trabajo disponible. As\u00ed que creo que<em> hay much\u00edsimas opciones para vivir de la fotograf\u00eda<\/em>. Obviamente que se requiere de esfuerzo y tiempo para profesionalizarse, conseguir contactos, experimentar lo que es trabajar gratis, que te conozcan e ir construyendo el camino. Es realmente viable. Yo comenc\u00e9 de la nada y me fui formando y armando mi equipo despacio pero segura. <em>Se puede, con ganas siempre se puede.<\/em><\/p>\n<p><img decoding=\"async\" class=\"alignnone wp-image-13394 size-thumbnail lazyload\" data-src=\"https:\/\/www.lasrosas.com.ar\/portal\/wp-content\/uploads\/CLARITA-CAO-5-640x480.jpg\" alt=\"\" width=\"640\" height=\"480\" src=\"data:image\/svg+xml;base64,PHN2ZyB3aWR0aD0iMSIgaGVpZ2h0PSIxIiB4bWxucz0iaHR0cDovL3d3dy53My5vcmcvMjAwMC9zdmciPjwvc3ZnPg==\" style=\"--smush-placeholder-width: 640px; --smush-placeholder-aspect-ratio: 640\/480;\" \/><\/p>\n<p><strong>\u201cSE NOS VA LA VIDA\u201d<\/strong><\/p>\n<p>Es una frase que empec\u00e9 a usar porque la dec\u00eda mucho un amigo m\u00edo en chiste. Hasta que me di cuenta que esa era mi manera de pensar sobre la vida: la uso seguido para dimensionar los problemas, no hacerme mala sangre por cosas que no nos cambian la vida y que no podemos modificar. Me permite vivir y tomarme las cosas de una manera m\u00e1s \u201cfeliz \u201c. \u00a1Me encanta compartirla!<\/p>\n<p><img decoding=\"async\" class=\"alignnone size-medium wp-image-13393 lazyload\" data-src=\"https:\/\/www.lasrosas.com.ar\/portal\/wp-content\/uploads\/CLARITA-CAO-4-720x960.jpg\" alt=\"\" width=\"720\" height=\"960\" data-srcset=\"https:\/\/www.lasrosas.com.ar\/portal\/wp-content\/uploads\/CLARITA-CAO-4-720x960.jpg 720w, https:\/\/www.lasrosas.com.ar\/portal\/wp-content\/uploads\/CLARITA-CAO-4-1440x1920.jpg 1440w\" data-sizes=\"(max-width: 720px) 100vw, 720px\" src=\"data:image\/svg+xml;base64,PHN2ZyB3aWR0aD0iMSIgaGVpZ2h0PSIxIiB4bWxucz0iaHR0cDovL3d3dy53My5vcmcvMjAwMC9zdmciPjwvc3ZnPg==\" style=\"--smush-placeholder-width: 720px; --smush-placeholder-aspect-ratio: 720\/960;\" \/><\/p>\n<p><strong>EL TRABAJO Y LAS SORPRESAS<\/strong><\/p>\n<p><em>Muchos proyectos me sorprendieron cuando me los propusieron<\/em>. Cuando me ofrecen trabajar en un viaje, me pongo mega feliz. Lo lindo de todo esto es que la sorpresa se mantiene intacta: sigo diciendo \u201c\u00a1Wow! \u00a1Qu\u00e9 incre\u00edble que ofrezcan trabajo y me inviten a viajar!\u201d. <em>La \u00faltima experiencia que me pareci\u00f3 incre\u00edble fue la que hicimos con Nike en Paris.<\/em> Combin\u00e9 dos cosas que me encantan: una marca que considero una de las m\u00e1s importantes en el mundo junto a una actividad que amo.<\/p>\n<p><img decoding=\"async\" class=\"alignnone size-medium wp-image-13391 lazyload\" data-src=\"https:\/\/www.lasrosas.com.ar\/portal\/wp-content\/uploads\/CLARITA-CAO-2-728x960.jpg\" alt=\"\" width=\"728\" height=\"960\" data-srcset=\"https:\/\/www.lasrosas.com.ar\/portal\/wp-content\/uploads\/CLARITA-CAO-2-728x960.jpg 728w, https:\/\/www.lasrosas.com.ar\/portal\/wp-content\/uploads\/CLARITA-CAO-2-1456x1920.jpg 1456w\" data-sizes=\"(max-width: 728px) 100vw, 728px\" src=\"data:image\/svg+xml;base64,PHN2ZyB3aWR0aD0iMSIgaGVpZ2h0PSIxIiB4bWxucz0iaHR0cDovL3d3dy53My5vcmcvMjAwMC9zdmciPjwvc3ZnPg==\" style=\"--smush-placeholder-width: 728px; --smush-placeholder-aspect-ratio: 728\/960;\" \/><\/p>\n<p><strong>PARA HACER BUENAS FOTOS\u2026<\/strong><\/p>\n<p><em>Lo primero a la hora de componer fotos es la luz<\/em>. A m\u00ed me influye mucho el tipo de iluminaci\u00f3n y las sombras que se puedan generar. Disfruto de fotografiar pensando en la composici\u00f3n a partir de ese elemento clave.<\/p>\n<p><img decoding=\"async\" class=\"alignnone size-medium wp-image-13392 lazyload\" data-src=\"https:\/\/www.lasrosas.com.ar\/portal\/wp-content\/uploads\/CLARITA-CAO-3-728x960.jpg\" alt=\"\" width=\"728\" height=\"960\" data-srcset=\"https:\/\/www.lasrosas.com.ar\/portal\/wp-content\/uploads\/CLARITA-CAO-3-728x960.jpg 728w, https:\/\/www.lasrosas.com.ar\/portal\/wp-content\/uploads\/CLARITA-CAO-3-1456x1920.jpg 1456w\" data-sizes=\"(max-width: 728px) 100vw, 728px\" src=\"data:image\/svg+xml;base64,PHN2ZyB3aWR0aD0iMSIgaGVpZ2h0PSIxIiB4bWxucz0iaHR0cDovL3d3dy53My5vcmcvMjAwMC9zdmciPjwvc3ZnPg==\" style=\"--smush-placeholder-width: 728px; --smush-placeholder-aspect-ratio: 728\/960;\" \/><\/p>\n<p><strong>LA MEJOR DE TODAS<\/strong><\/p>\n<p>Elegir una sola foto es dif\u00edcil porque cada imagen tiene una historia atr\u00e1s que te hace verla de otra manera a como la podr\u00eda ver cualquier persona. Pero si me tengo que decidir por una foto, la que m\u00e1s me gusta es la que le saqu\u00e9 a unos camellos en el desierto: fui hasta ah\u00ed y nada se dio para que lo pudiera hacer, pero insist\u00ed tanto que cuando lo logr\u00e9 me sent\u00ed genial. Por eso creo que esa foto representa muy bien mi manera de ser.<\/p>\n<p><img decoding=\"async\" class=\"alignnone size-medium wp-image-13390 lazyload\" data-src=\"https:\/\/www.lasrosas.com.ar\/portal\/wp-content\/uploads\/CLARITA-CAO-1-584x960.jpg\" alt=\"\" width=\"584\" height=\"960\" data-srcset=\"https:\/\/www.lasrosas.com.ar\/portal\/wp-content\/uploads\/CLARITA-CAO-1-584x960.jpg 584w, https:\/\/www.lasrosas.com.ar\/portal\/wp-content\/uploads\/CLARITA-CAO-1-1168x1920.jpg 1168w, https:\/\/www.lasrosas.com.ar\/portal\/wp-content\/uploads\/CLARITA-CAO-1.jpg 1825w\" data-sizes=\"(max-width: 584px) 100vw, 584px\" src=\"data:image\/svg+xml;base64,PHN2ZyB3aWR0aD0iMSIgaGVpZ2h0PSIxIiB4bWxucz0iaHR0cDovL3d3dy53My5vcmcvMjAwMC9zdmciPjwvc3ZnPg==\" style=\"--smush-placeholder-width: 584px; --smush-placeholder-aspect-ratio: 584\/960;\" \/><\/p>\n<p><strong><u>PING PONG<\/u><\/strong><\/p>\n<p><b>\u00bfFoto o v\u00eddeo?<\/b><\/p>\n<p>V\u00eddeo. Creo que te da la oportunidad de transmitir m\u00e1s cosas.<\/p>\n<p><strong>\u00bfCanon o Nikon?<\/strong><\/p>\n<p>Canon, siempre.<\/p>\n<p><strong>\u00bfPlaya o nieve?<\/strong><\/p>\n<p>Muy dif\u00edcil pero nieve.<\/p>\n<p><strong>\u00bfC\u00e1mara en mano o drone? <\/strong><\/p>\n<p>Drone. Siempre tengo la c\u00e1mara en la mano, pero el drone te da algo muy especial y original. Es una sensaci\u00f3n buen\u00edsima.<\/p>\n<p><strong>\u00bfAprender o ense\u00f1ar?<\/strong><\/p>\n<p>Me divierte ense\u00f1ar, lo he hecho bastante, pero aprender no lo cambio por nada me parece incre\u00edble y uno nunca jam\u00e1s termina de aprender, siempre hay algo m\u00e1s por saber.<\/p>\n<p><strong>El mejor paisaje que fotografiaste<\/strong><\/p>\n<p>Ushuaia.<\/p>\n<p><strong>Un viaje que volver\u00edas a hacer<\/strong><\/p>\n<p>Ir al Mundial en Rusia.<\/p>\n<p><strong>Marcas que te mimaron<\/strong><\/p>\n<p>Kia, Kiehl\u2019s y Nike.<\/p>\n<p><strong>Una c\u00e1mara que te quita el sue\u00f1o<\/strong><\/p>\n<p>Canon 1D.<\/p>\n<p><strong>El plan B que mejor funcion\u00f3:<\/strong><\/p>\n<p>Much\u00edsimas veces me funciona guardar un plan B porque es algo de lo que no ten\u00e9s muchas expectativas, lo que te predispone a sorprenderte<\/p>\n<!-- AddThis Advanced Settings generic via filter on the_content --><!-- AddThis Share Buttons generic via filter on the_content -->","protected":false},"excerpt":{"rendered":"<p>No es dif\u00edcil distinguir a Clarita Cao en el medio de una multitud: su personalidad divertida, espont\u00e1nea y aut\u00e9ntica resalta por sobre todas cosas. Con la c\u00e1mara atada a su mano, recorre el mundo cumpliendo su sue\u00f1o de capturar momentos y personas \u00fanicas, haciendo m\u00e9rito a su frase de cabecera: \u201cSe nos va la vida\u201d. [&hellip;]<!-- AddThis Advanced Settings generic via filter on get_the_excerpt --><!-- AddThis Share Buttons generic via filter on get_the_excerpt --><\/p>\n","protected":false},"author":6,"featured_media":13396,"comment_status":"closed","ping_status":"open","sticky":false,"template":"","format":"standard","meta":{"_acf_changed":false,"om_disable_all_campaigns":false,"_monsterinsights_skip_tracking":false,"_monsterinsights_sitenote_active":false,"_monsterinsights_sitenote_note":"","_monsterinsights_sitenote_category":0,"_uf_show_specific_survey":0,"_uf_disable_surveys":false,"footnotes":""},"categories":[376,38],"tags":[],"class_list":["post-13388","post","type-post","status-publish","format-standard","has-post-thumbnail","hentry","category-lifestyle","category-entrevistas"],"acf":[],"aioseo_notices":[],"_links":{"self":[{"href":"https:\/\/www.lasrosas.com.ar\/portal\/wp-json\/wp\/v2\/posts\/13388","targetHints":{"allow":["GET"]}}],"collection":[{"href":"https:\/\/www.lasrosas.com.ar\/portal\/wp-json\/wp\/v2\/posts"}],"about":[{"href":"https:\/\/www.lasrosas.com.ar\/portal\/wp-json\/wp\/v2\/types\/post"}],"author":[{"embeddable":true,"href":"https:\/\/www.lasrosas.com.ar\/portal\/wp-json\/wp\/v2\/users\/6"}],"replies":[{"embeddable":true,"href":"https:\/\/www.lasrosas.com.ar\/portal\/wp-json\/wp\/v2\/comments?post=13388"}],"version-history":[{"count":0,"href":"https:\/\/www.lasrosas.com.ar\/portal\/wp-json\/wp\/v2\/posts\/13388\/revisions"}],"wp:featuredmedia":[{"embeddable":true,"href":"https:\/\/www.lasrosas.com.ar\/portal\/wp-json\/wp\/v2\/media\/13396"}],"wp:attachment":[{"href":"https:\/\/www.lasrosas.com.ar\/portal\/wp-json\/wp\/v2\/media?parent=13388"}],"wp:term":[{"taxonomy":"category","embeddable":true,"href":"https:\/\/www.lasrosas.com.ar\/portal\/wp-json\/wp\/v2\/categories?post=13388"},{"taxonomy":"post_tag","embeddable":true,"href":"https:\/\/www.lasrosas.com.ar\/portal\/wp-json\/wp\/v2\/tags?post=13388"}],"curies":[{"name":"wp","href":"https:\/\/api.w.org\/{rel}","templated":true}]}}