{"id":13376,"date":"2019-04-08T14:30:02","date_gmt":"2019-04-08T17:30:02","guid":{"rendered":"https:\/\/www.lasrosas.com.ar\/portal\/?p=13376"},"modified":"2019-04-08T14:30:02","modified_gmt":"2019-04-08T17:30:02","slug":"dia-mundial-de-la-salud-mitos-y-verdades-sobre-primeros-auxilios","status":"publish","type":"post","link":"https:\/\/www.lasrosas.com.ar\/portal\/dia-mundial-de-la-salud-mitos-y-verdades-sobre-primeros-auxilios\/","title":{"rendered":"D\u00cdA MUNDIAL DE LA SALUD: MITOS Y VERDADES SOBRE PRIMEROS AUXILIOS"},"content":{"rendered":"<p style=\"font-weight: 400;\"><strong>Bajo el lema \u201cSalud universal: para todos y todas, en todas partes\u201d, este 7 de abril se conmemora el D\u00eda Mundial de la Salud, una moci\u00f3n global que tiene por objetivo promover el acceso universal a servicios de salud integrales de calidad, cu\u00e1ndo y d\u00f3nde se los necesite, mediante la implementaci\u00f3n de pol\u00edticas p\u00fablicas y acciones a partir de un enfoque multisectorial.<\/strong><\/p>\n<p style=\"font-weight: 400;\">En ese marco, los primeros auxilios son un elemento clave, ya que comprenden t\u00e9cnicas y procedimientos que conforman el paso inicial de la llamada \u201ccadena de supervivencia\u201d y que debemos tener en cuenta en situaciones de emergencia cuando una persona enferma o lesionada precisa ayuda, hasta la llegada de profesionales especializados.<\/p>\n<p style=\"font-weight: 400;\">La\u00a0<strong>Dra. Mar\u00eda Valeria El Haj<\/strong>, Directora M\u00e9dica de\u00a0<strong>vittal<\/strong>, destaca cu\u00e1les son los grupos de emergencia y c\u00f3mo se debe actuar seg\u00fan cada caso.<\/p>\n<ul style=\"font-weight: 400;\">\n<li><strong>Emergencias por lesiones:<\/strong> se trata de personas lastimadas por alg\u00fan elemento punzante; quienes sufran una hemorragia visible en alguna parte del cuerpo o sean v\u00edctimas de un traumatismo.<\/li>\n<li><strong>Emergencias m\u00e9dicas:<\/strong> un ejemplo de esto son las personas con hipoglucemias o que manifiesten problemas respiratorios, sufran ataque al coraz\u00f3n o cuadros severos de alergias, etc.<\/li>\n<li><strong>Emergencias medioambientales:<\/strong> son aquellas ocurridas por picaduras, mordeduras, golpes de calor, intoxicaciones, etc<\/li>\n<\/ul>\n<p style=\"font-weight: 400;\"><strong><em>\u00a0\u201cAl acercarnos a una persona en situaci\u00f3n de emergencia, lo primero que debemos hacer es presentarnos, explicarle que conocemos sobre primeros auxilios y consultarle si nos permite ayudarla\u201d<\/em><\/strong>, detalla la\u00a0<strong>Dra. El Haj<\/strong>. Adem\u00e1s, indica que es imprescindible observar\u00a0 alrededor y verificar las condiciones de seguridad del lugar para no exponerse a un peligro.<\/p>\n<p style=\"font-weight: 400;\">En cuanto a la atenci\u00f3n primaria, <strong>la m\u00e1xima principal de los primeros auxilios es no mover a una persona enferma o lastimada y llamar a una ambulancia o al servicio m\u00e9dico de forma inmediata, accionando la cadena de sobrevida.\u00a0<\/strong><\/p>\n<p><img decoding=\"async\" class=\"alignnone size-medium wp-image-13378 lazyload\" data-src=\"https:\/\/www.lasrosas.com.ar\/portal\/wp-content\/uploads\/marlon-lara-1421315-unsplash-960x641.jpg\" alt=\"\" width=\"960\" height=\"641\" data-srcset=\"https:\/\/www.lasrosas.com.ar\/portal\/wp-content\/uploads\/marlon-lara-1421315-unsplash-960x641.jpg 960w, https:\/\/www.lasrosas.com.ar\/portal\/wp-content\/uploads\/marlon-lara-1421315-unsplash-1920x1282.jpg 1920w\" data-sizes=\"(max-width: 960px) 100vw, 960px\" src=\"data:image\/svg+xml;base64,PHN2ZyB3aWR0aD0iMSIgaGVpZ2h0PSIxIiB4bWxucz0iaHR0cDovL3d3dy53My5vcmcvMjAwMC9zdmciPjwvc3ZnPg==\" style=\"--smush-placeholder-width: 960px; --smush-placeholder-aspect-ratio: 960\/641;\" \/><\/p>\n<p style=\"font-weight: 400;\"><strong>El botiqu\u00edn es un dispositivo indispensable para practicar primeros auxilios y debe incluir:<\/strong> j<em>ab\u00f3n neutro<\/em> (blanco) para higienizar heridas; <em>alcohol en gel<\/em> para la desinfecci\u00f3n r\u00e1pida de las manos;<em> term\u00f3metro;<\/em> <em>guantes de l\u00e1tex descartables<\/em> ya que no se debe tocar directamente ninguna secreci\u00f3n;<em> gasas y vendas; antis\u00e9pticos<\/em> (yodo povidona, agua oxigenada);<em> tijera para cortar gasas y vendas<\/em> o la ropa de la v\u00edctima; y<em> cinta adhesiva<\/em>. <strong>De manera complementaria<\/strong> se recomienda el uso de <em>antiparras<\/em> como barrera de protecci\u00f3n ocular para enfermedades; <em>m\u00e1scara de reanimaci\u00f3n cardiopulmonar con v\u00e1lvula unidireccional<\/em> para practicar RCP de forma segura; a<em>lcohol al 70%<\/em> para la limpieza de instrumental de primeros auxilios; <em>linterna; soluci\u00f3n salina normal<\/em> (fisiol\u00f3gica); <em>pinza larga sin dientes; anotador y lapicera<\/em> para registrar datos que puedan ser solicitados por el servicio de emergencias; <em>y pa\u00f1uelos grandes<\/em> para vendaje de miembros.<\/p>\n<p style=\"font-weight: 400;\"><strong>En el caso de pacientes que sufren un paro cardiaco extrahospitalario (PCEH)<\/strong>, \u00e9stos dependen de la asistencia que se les preste en su comunidad o entorno social. <strong>Los testigos deben reconocer el paro card\u00edaco, pedir ayuda, iniciar la RCP y realizar la desfibrilaci\u00f3n (si est\u00e1 disponible) hasta que el equipo de emergencias se haga cargo<\/strong> y traslade al paciente a un servicio de urgencias o laboratorio de cateterismo.<\/p>\n<!-- AddThis Advanced Settings generic via filter on the_content --><!-- AddThis Share Buttons generic via filter on the_content -->","protected":false},"excerpt":{"rendered":"<p>Bajo el lema \u201cSalud universal: para todos y todas, en todas partes\u201d, este 7 de abril se conmemora el D\u00eda Mundial de la Salud, una moci\u00f3n global que tiene por objetivo promover el acceso universal a servicios de salud integrales de calidad, cu\u00e1ndo y d\u00f3nde se los necesite, mediante la implementaci\u00f3n de pol\u00edticas p\u00fablicas y [&hellip;]<!-- AddThis Advanced Settings generic via filter on get_the_excerpt --><!-- AddThis Share Buttons generic via filter on get_the_excerpt --><\/p>\n","protected":false},"author":6,"featured_media":13377,"comment_status":"closed","ping_status":"open","sticky":false,"template":"","format":"standard","meta":{"_acf_changed":false,"om_disable_all_campaigns":false,"_monsterinsights_skip_tracking":false,"_monsterinsights_sitenote_active":false,"_monsterinsights_sitenote_note":"","_monsterinsights_sitenote_category":0,"_uf_show_specific_survey":0,"_uf_disable_surveys":false,"footnotes":""},"categories":[376],"tags":[],"class_list":["post-13376","post","type-post","status-publish","format-standard","has-post-thumbnail","hentry","category-lifestyle"],"acf":[],"aioseo_notices":[],"_links":{"self":[{"href":"https:\/\/www.lasrosas.com.ar\/portal\/wp-json\/wp\/v2\/posts\/13376","targetHints":{"allow":["GET"]}}],"collection":[{"href":"https:\/\/www.lasrosas.com.ar\/portal\/wp-json\/wp\/v2\/posts"}],"about":[{"href":"https:\/\/www.lasrosas.com.ar\/portal\/wp-json\/wp\/v2\/types\/post"}],"author":[{"embeddable":true,"href":"https:\/\/www.lasrosas.com.ar\/portal\/wp-json\/wp\/v2\/users\/6"}],"replies":[{"embeddable":true,"href":"https:\/\/www.lasrosas.com.ar\/portal\/wp-json\/wp\/v2\/comments?post=13376"}],"version-history":[{"count":0,"href":"https:\/\/www.lasrosas.com.ar\/portal\/wp-json\/wp\/v2\/posts\/13376\/revisions"}],"wp:featuredmedia":[{"embeddable":true,"href":"https:\/\/www.lasrosas.com.ar\/portal\/wp-json\/wp\/v2\/media\/13377"}],"wp:attachment":[{"href":"https:\/\/www.lasrosas.com.ar\/portal\/wp-json\/wp\/v2\/media?parent=13376"}],"wp:term":[{"taxonomy":"category","embeddable":true,"href":"https:\/\/www.lasrosas.com.ar\/portal\/wp-json\/wp\/v2\/categories?post=13376"},{"taxonomy":"post_tag","embeddable":true,"href":"https:\/\/www.lasrosas.com.ar\/portal\/wp-json\/wp\/v2\/tags?post=13376"}],"curies":[{"name":"wp","href":"https:\/\/api.w.org\/{rel}","templated":true}]}}