{"id":12926,"date":"2019-03-26T17:51:54","date_gmt":"2019-03-26T20:51:54","guid":{"rendered":"https:\/\/www.lasrosas.com.ar\/portal\/?p=12926"},"modified":"2019-03-26T17:51:54","modified_gmt":"2019-03-26T20:51:54","slug":"sunset-las-rosas-26-aniversario","status":"publish","type":"post","link":"https:\/\/www.lasrosas.com.ar\/portal\/sunset-las-rosas-26-aniversario\/","title":{"rendered":"SUNSET LAS ROSAS 26\u00b0 ANIVERSARIO"},"content":{"rendered":"<p><strong>El s\u00e1bado 23 de abril, Grupo LAS ROSAS har\u00e1 su festejo de 26\u00b0 aniversario con un evento super exclusivo en una de las estancias m\u00e1s lindas del pa\u00eds. El festejo se realizar\u00e1 en Estancia Bosque Alegre en el contexto del \u00faltimo sunset a las 17 hs.<\/strong><\/p>\n<p>Habr\u00e1 medios invitados, figuras de los medios, influencers, instagrammers y referentes de la moda. Junto a nuestra comunidad VIP. Habr\u00e1 un desfile a cargo del Paseo del Jockey y las marcas de bebidas alcoh\u00f3licas que tendr\u00e1n presencia para nuestros invitados son: <strong>Branca, Speed, Aperol, Heineken y Chandon.<\/strong><\/p>\n<p>Las marcas que estar\u00e1n sobre la pasarela ser\u00e1n <strong>Ossira, Las Oreiro, La Boutique, Portsaid, Batistella Concept, Etiqueta Negra y Paula Cahen D&#8217;Anvers<\/strong>. Las modelos del desfile estar\u00e1n maquilladas por Show Make Up. Los DJ\u00b4s ser\u00e1n<strong> Fede Gomez y Jaime Trepatt.<\/strong><\/p>\n<p>Para comer, los invitados a cargo de <strong>La Kermes<\/strong> con una propuesta de Fuego, Carne y Pan.<\/p>\n<p>Las entradas e invitaciones, as\u00ed como la compra de estas son a trav\u00e9s de la <strong>App de Weiv<\/strong>. Las anticipadas ($500) incluye el traslado. Tenemos dos puntos de traslados a cargo de<strong> Crawling:<\/strong><\/p>\n<ul>\n<li><strong>Zona sur: en el Paseo del Jockey (Elias Yofre 250).<\/strong><\/li>\n<li><strong>Zona norte: Galer\u00eda Precedo (Rafael N\u00fa\u00f1ez 3868).<\/strong><\/li>\n<\/ul>\n<p><strong>Si ten\u00e9s invitaci\u00f3n para el evento, pod\u00e9s comprar solo el traslado ($300), ten\u00e9 en cuenta que la invitaci\u00f3n ser\u00e1 solicitada en el ingreso del evento.<\/strong><\/p>\n<!-- AddThis Advanced Settings generic via filter on the_content --><!-- AddThis Share Buttons generic via filter on the_content -->","protected":false},"excerpt":{"rendered":"<p>El s\u00e1bado 23 de abril, Grupo LAS ROSAS har\u00e1 su festejo de 26\u00b0 aniversario con un evento super exclusivo en una de las estancias m\u00e1s lindas del pa\u00eds. El festejo se realizar\u00e1 en Estancia Bosque Alegre en el contexto del \u00faltimo sunset a las 17 hs. Habr\u00e1 medios invitados, figuras de los medios, influencers, instagrammers [&hellip;]<!-- AddThis Advanced Settings generic via filter on get_the_excerpt --><!-- AddThis Share Buttons generic via filter on get_the_excerpt --><\/p>\n","protected":false},"author":6,"featured_media":12927,"comment_status":"closed","ping_status":"open","sticky":false,"template":"","format":"standard","meta":{"_acf_changed":false,"om_disable_all_campaigns":false,"_monsterinsights_skip_tracking":false,"_monsterinsights_sitenote_active":false,"_monsterinsights_sitenote_note":"","_monsterinsights_sitenote_category":0,"_uf_show_specific_survey":0,"_uf_disable_surveys":false,"footnotes":""},"categories":[100],"tags":[],"class_list":["post-12926","post","type-post","status-publish","format-standard","has-post-thumbnail","hentry","category-noticias"],"acf":[],"aioseo_notices":[],"_links":{"self":[{"href":"https:\/\/www.lasrosas.com.ar\/portal\/wp-json\/wp\/v2\/posts\/12926","targetHints":{"allow":["GET"]}}],"collection":[{"href":"https:\/\/www.lasrosas.com.ar\/portal\/wp-json\/wp\/v2\/posts"}],"about":[{"href":"https:\/\/www.lasrosas.com.ar\/portal\/wp-json\/wp\/v2\/types\/post"}],"author":[{"embeddable":true,"href":"https:\/\/www.lasrosas.com.ar\/portal\/wp-json\/wp\/v2\/users\/6"}],"replies":[{"embeddable":true,"href":"https:\/\/www.lasrosas.com.ar\/portal\/wp-json\/wp\/v2\/comments?post=12926"}],"version-history":[{"count":0,"href":"https:\/\/www.lasrosas.com.ar\/portal\/wp-json\/wp\/v2\/posts\/12926\/revisions"}],"wp:featuredmedia":[{"embeddable":true,"href":"https:\/\/www.lasrosas.com.ar\/portal\/wp-json\/wp\/v2\/media\/12927"}],"wp:attachment":[{"href":"https:\/\/www.lasrosas.com.ar\/portal\/wp-json\/wp\/v2\/media?parent=12926"}],"wp:term":[{"taxonomy":"category","embeddable":true,"href":"https:\/\/www.lasrosas.com.ar\/portal\/wp-json\/wp\/v2\/categories?post=12926"},{"taxonomy":"post_tag","embeddable":true,"href":"https:\/\/www.lasrosas.com.ar\/portal\/wp-json\/wp\/v2\/tags?post=12926"}],"curies":[{"name":"wp","href":"https:\/\/api.w.org\/{rel}","templated":true}]}}