{"id":12599,"date":"2019-03-14T15:19:02","date_gmt":"2019-03-14T18:19:02","guid":{"rendered":"https:\/\/www.lasrosas.com.ar\/portal\/?p=12599"},"modified":"2019-03-14T15:20:53","modified_gmt":"2019-03-14T18:20:53","slug":"agustina-cherri-en-la-dulce-espera","status":"publish","type":"post","link":"https:\/\/www.lasrosas.com.ar\/portal\/agustina-cherri-en-la-dulce-espera\/","title":{"rendered":"AGUSTINA CHERRI: EN LA DULCE ESPERA"},"content":{"rendered":"<h3><strong>La actriz, de 36 a\u00f1os, se convertir\u00e1 nuevamente mam\u00e1 junto su pareja, el m\u00fasico Tom\u00e1s Vera.\u00a0<\/strong><\/h3>\n<p><strong>Agustina Cherri<\/strong> est\u00e1 en la dulce espera de su primer hijo junto al m\u00fasico <strong>Tom\u00e1s Vera<\/strong>. La actriz les dar\u00e1 un nuevo hermanito a sus hijos <strong>Muna<\/strong> y <strong>Nilo<\/strong>, fruto de su relaci\u00f3n con <strong>Gast\u00f3n Pauls.<\/strong><\/p>\n<p>La artista confirm\u00f3 la feliz noticia a <strong>La Naci\u00f3n<\/strong> y adem\u00e1s, revel\u00f3 estar cursando el tercer mes de embarazo.<\/p>\n\r\n\t\t<style type='text\/css'>\r\n\t\t\t#gallery-1 {\r\n\t\t\t\tmargin: auto;\r\n\t\t\t}\r\n\t\t\t#gallery-1 .gallery-item {\r\n\t\t\t\tfloat: left;\r\n\t\t\t\tmargin-top: 10px;\r\n\t\t\t\ttext-align: center;\r\n\t\t\t\twidth: 50%;\r\n\t\t\t}\r\n\t\t\t#gallery-1 img {\r\n\t\t\t\tborder: 2px solid #cfcfcf;\r\n\t\t\t}\r\n\t\t\t#gallery-1 .gallery-caption {\r\n\t\t\t\tmargin-left: 0;\r\n\t\t\t}\r\n\t\t<\/style>\r\n\t\t<!-- see gallery_shortcode() in wp-includes\/media.php -->\n\t\t<div id='gallery-1' class='gallery galleryid-12599 gallery-columns-2 gallery-size-thumbnail gallery1'><script type=\"text\/javascript\">\r\n\/\/ <![CDATA[\r\n\tjQuery(document).ready(function () {\r\n\t\tjQuery(\".gallery1 a\").attr(\"rel\",\"gallery1\");\t\r\n\t\tjQuery('a[rel=\"gallery1\"]').colorbox({maxWidth:\"95%\", maxHeight:\"95%\",title: function(){ return jQuery(this).children().attr(\"alt\"); }, });\r\n\t});\r\n\/\/ ]]>\r\n<\/script>\n<dl class=\"gallery-item\">\n<dt class=\"gallery-icon\">\r\n<a href=\"https:\/\/www.lasrosas.com.ar\/portal\/wp-content\/uploads\/50801939_578450122631758_3132950767155840895_n.jpg\" title=\"\" rel=\"gallery1\"><img decoding=\"async\" data-src=\"https:\/\/www.lasrosas.com.ar\/portal\/wp-content\/uploads\/50801939_578450122631758_3132950767155840895_n-640x480.jpg\" width=\"640\" height=\"480\" alt=\"\" src=\"data:image\/svg+xml;base64,PHN2ZyB3aWR0aD0iMSIgaGVpZ2h0PSIxIiB4bWxucz0iaHR0cDovL3d3dy53My5vcmcvMjAwMC9zdmciPjwvc3ZnPg==\" class=\"lazyload\" style=\"--smush-placeholder-width: 640px; --smush-placeholder-aspect-ratio: 640\/480;\" \/><\/a>\r\n<\/dt><\/dl><dl class=\"gallery-item\">\n<dt class=\"gallery-icon\">\r\n<a href=\"https:\/\/www.lasrosas.com.ar\/portal\/wp-content\/uploads\/47236984_343663979755846_1130295693771027551_n.jpg\" title=\"\" rel=\"gallery1\"><img decoding=\"async\" data-src=\"https:\/\/www.lasrosas.com.ar\/portal\/wp-content\/uploads\/47236984_343663979755846_1130295693771027551_n-640x480.jpg\" width=\"640\" height=\"480\" alt=\"\" src=\"data:image\/svg+xml;base64,PHN2ZyB3aWR0aD0iMSIgaGVpZ2h0PSIxIiB4bWxucz0iaHR0cDovL3d3dy53My5vcmcvMjAwMC9zdmciPjwvc3ZnPg==\" class=\"lazyload\" style=\"--smush-placeholder-width: 640px; --smush-placeholder-aspect-ratio: 640\/480;\" \/><\/a>\r\n<\/dt><\/dl><br style=\"clear: both\" \/>\r\n\t\t<\/div>\n\n<p><strong>Agustina<\/strong> y <strong>Tom\u00e1s<\/strong> se conocieron en el casamiento de <strong>Marcela Kloosterboer<\/strong> junto a <strong>Fernando Sieling<\/strong>, en noviembre de 2014. Desde entonces, ambos se mostraron inseparables en sus redes sociales.<\/p>\n<p>En 2017, la actriz hab\u00eda manifestado su deseo de volver a ser madre, <em>\u00abHablamos mucho el tema de encargar un hijo juntos, porque \u00e9l\u00a0no es padre y tiene muchas ganas. Adem\u00e1s, veo lo bueno y generoso que es con mis chicos. Ser\u00eda muy ego\u00edsta de mi parte sacarle esa posibilidad. Soy fan de la maternidad, y con mi nueva pareja me gustar\u00eda volver a ser madre&#8230;\u00bb<\/em><\/p>\n<p>Con la llegada de su tercer hijo, la actriz tom\u00f3 la decisi\u00f3n de abandonar la obra <strong>\u00abPerfectos desconocidos\u00bb<\/strong>, que protagoniza junto a\u00a0<strong>Gonzalo Heredia, Ra\u00fal Taibo y Mercedes Funes.\u00a0<\/strong><\/p>\n<!-- AddThis Advanced Settings generic via filter on the_content --><!-- AddThis Share Buttons generic via filter on the_content -->","protected":false},"excerpt":{"rendered":"<p>La actriz, de 36 a\u00f1os, se convertir\u00e1 nuevamente mam\u00e1 junto su pareja, el m\u00fasico Tom\u00e1s Vera.\u00a0 Agustina Cherri est\u00e1 en la dulce espera de su primer hijo junto al m\u00fasico Tom\u00e1s Vera. La actriz les dar\u00e1 un nuevo hermanito a sus hijos Muna y Nilo, fruto de su relaci\u00f3n con Gast\u00f3n Pauls. La artista confirm\u00f3 [&hellip;]<!-- AddThis Advanced Settings generic via filter on get_the_excerpt --><!-- AddThis Share Buttons generic via filter on get_the_excerpt --><\/p>\n","protected":false},"author":6,"featured_media":12600,"comment_status":"closed","ping_status":"open","sticky":false,"template":"","format":"standard","meta":{"_acf_changed":false,"om_disable_all_campaigns":false,"_monsterinsights_skip_tracking":false,"_monsterinsights_sitenote_active":false,"_monsterinsights_sitenote_note":"","_monsterinsights_sitenote_category":0,"_uf_show_specific_survey":0,"_uf_disable_surveys":false,"footnotes":""},"categories":[100],"tags":[],"class_list":["post-12599","post","type-post","status-publish","format-standard","has-post-thumbnail","hentry","category-noticias"],"acf":[],"aioseo_notices":[],"_links":{"self":[{"href":"https:\/\/www.lasrosas.com.ar\/portal\/wp-json\/wp\/v2\/posts\/12599","targetHints":{"allow":["GET"]}}],"collection":[{"href":"https:\/\/www.lasrosas.com.ar\/portal\/wp-json\/wp\/v2\/posts"}],"about":[{"href":"https:\/\/www.lasrosas.com.ar\/portal\/wp-json\/wp\/v2\/types\/post"}],"author":[{"embeddable":true,"href":"https:\/\/www.lasrosas.com.ar\/portal\/wp-json\/wp\/v2\/users\/6"}],"replies":[{"embeddable":true,"href":"https:\/\/www.lasrosas.com.ar\/portal\/wp-json\/wp\/v2\/comments?post=12599"}],"version-history":[{"count":0,"href":"https:\/\/www.lasrosas.com.ar\/portal\/wp-json\/wp\/v2\/posts\/12599\/revisions"}],"wp:featuredmedia":[{"embeddable":true,"href":"https:\/\/www.lasrosas.com.ar\/portal\/wp-json\/wp\/v2\/media\/12600"}],"wp:attachment":[{"href":"https:\/\/www.lasrosas.com.ar\/portal\/wp-json\/wp\/v2\/media?parent=12599"}],"wp:term":[{"taxonomy":"category","embeddable":true,"href":"https:\/\/www.lasrosas.com.ar\/portal\/wp-json\/wp\/v2\/categories?post=12599"},{"taxonomy":"post_tag","embeddable":true,"href":"https:\/\/www.lasrosas.com.ar\/portal\/wp-json\/wp\/v2\/tags?post=12599"}],"curies":[{"name":"wp","href":"https:\/\/api.w.org\/{rel}","templated":true}]}}