{"id":12586,"date":"2019-03-13T15:17:24","date_gmt":"2019-03-13T18:17:24","guid":{"rendered":"https:\/\/www.lasrosas.com.ar\/portal\/?p=12586"},"modified":"2019-03-13T15:17:24","modified_gmt":"2019-03-13T18:17:24","slug":"felicitaciones-nacio-el-bebe-de-luli-fernandez","status":"publish","type":"post","link":"https:\/\/www.lasrosas.com.ar\/portal\/felicitaciones-nacio-el-bebe-de-luli-fernandez\/","title":{"rendered":"\u00a1FELICITACIONES! NACI\u00d3 EL BEB\u00c9 DE LULI FERN\u00c1NDEZ"},"content":{"rendered":"<h3><strong>A d\u00edas de dar a luz, la modelo comparti\u00f3 una dulce fotograf\u00eda de su beb\u00e9.<\/strong><\/h3>\n<p><img decoding=\"async\" class=\"alignnone size-full wp-image-12589 lazyload\" data-src=\"https:\/\/www.lasrosas.com.ar\/portal\/wp-content\/uploads\/encabezado-luli2.jpg\" alt=\"\" width=\"640\" height=\"480\" src=\"data:image\/svg+xml;base64,PHN2ZyB3aWR0aD0iMSIgaGVpZ2h0PSIxIiB4bWxucz0iaHR0cDovL3d3dy53My5vcmcvMjAwMC9zdmciPjwvc3ZnPg==\" style=\"--smush-placeholder-width: 640px; --smush-placeholder-aspect-ratio: 640\/480;\" \/><\/p>\n<p>El 11 de marzo<strong> Luli Fern\u00e1ndez<\/strong> y <strong>Cristi\u00e1n C\u00faneo Libarona<\/strong> se convirtieron en padres de su primer hijo. Ella es madre primeriza, mientras que su pareja es padre cuatro hijos fruto de una relaci\u00f3n anterior <strong>(Santos, Mar\u00eda, Vicente y Jacinto).<\/strong><\/p>\n<p>Desde que anunci\u00f3 la noticia de su embarazo, la modelo comparti\u00f3 a sus seguidores cada momento y etapa de su dulce espera.<\/p>\n<p><img decoding=\"async\" class=\"alignnone size-full wp-image-12588 lazyload\" data-src=\"https:\/\/www.lasrosas.com.ar\/portal\/wp-content\/uploads\/encabezado-luli.jpg\" alt=\"\" width=\"640\" height=\"480\" src=\"data:image\/svg+xml;base64,PHN2ZyB3aWR0aD0iMSIgaGVpZ2h0PSIxIiB4bWxucz0iaHR0cDovL3d3dy53My5vcmcvMjAwMC9zdmciPjwvc3ZnPg==\" style=\"--smush-placeholder-width: 640px; --smush-placeholder-aspect-ratio: 640\/480;\" \/><\/p>\n<p>A dos d\u00edas de haber dado a luz, <strong>Luli<\/strong> comparti\u00f3 una hermosa postal de su beb\u00e9 reci\u00e9n nacido llamado <strong>Indalecio<\/strong>. Adem\u00e1s revel\u00f3 que la llegada fue una semana antes de lo esperado.<\/p>\n<p><em>\u00ab11\u202203\u20222019 &#x2764;&#xfe0f; Inexplicable, incomparable, m\u00e1gico y revolucionario fueron algunas de las palabras que m\u00e1s escuch\u00e9 durante mi embarazo de lo que significaba tener un hijo. No son suficientes, no alcanzan, no existen&#8230; Es algo que te atraviesa y no puedo describirlo&#8230;\u00bb<\/em>, escribi\u00f3 emocionada.<\/p>\n<p>Tambi\u00e9n explic\u00f3 el significado del nombre de su beb\u00e9. <em>\u00abIndalecio significa \u201cenviado de Dios\u201d con Cristi\u00e1n, mi marido, aceptamos su voluntad de llamarse as\u00ed.\u00bb<\/em><\/p>\n<blockquote class=\"instagram-media\" style=\"background: #FFF; border: 0; border-radius: 3px; box-shadow: 0 0 1px 0 rgba(0,0,0,0.5),0 1px 10px 0 rgba(0,0,0,0.15); margin: 1px; max-width: 540px; min-width: 326px; padding: 0; width: calc(100% - 2px);\" data-instgrm-captioned=\"\" data-instgrm-permalink=\"https:\/\/www.instagram.com\/p\/Bu84ssPAAf1\/?utm_source=ig_embed&amp;utm_medium=loading\" data-instgrm-version=\"12\">\n<div style=\"padding: 16px;\">\n<p>&nbsp;<\/p>\n<div style=\"display: flex; flex-direction: row; align-items: center;\">\n<div style=\"background-color: #f4f4f4; border-radius: 50%; flex-grow: 0; height: 40px; margin-right: 14px; width: 40px;\"><\/div>\n<div style=\"display: flex; flex-direction: column; flex-grow: 1; justify-content: center;\">\n<div style=\"background-color: #f4f4f4; border-radius: 4px; flex-grow: 0; height: 14px; margin-bottom: 6px; width: 100px;\"><\/div>\n<div style=\"background-color: #f4f4f4; border-radius: 4px; flex-grow: 0; height: 14px; width: 60px;\"><\/div>\n<\/div>\n<\/div>\n<div style=\"padding: 19% 0;\"><\/div>\n<div style=\"display: block; height: 50px; margin: 0 auto 12px; width: 50px;\"><\/div>\n<div style=\"padding-top: 8px;\">\n<div style=\"color: #3897f0; font-family: Arial,sans-serif; font-size: 14px; font-style: normal; font-weight: 550; line-height: 18px;\">Ver esta publicaci\u00f3n en Instagram<\/div>\n<\/div>\n<div style=\"padding: 12.5% 0;\"><\/div>\n<div style=\"display: flex; flex-direction: row; margin-bottom: 14px; align-items: center;\">\n<div>\n<div style=\"background-color: #f4f4f4; border-radius: 50%; height: 12.5px; width: 12.5px; transform: translateX(0px) translateY(7px);\"><\/div>\n<div style=\"background-color: #f4f4f4; height: 12.5px; transform: rotate(-45deg) translateX(3px) translateY(1px); width: 12.5px; flex-grow: 0; margin-right: 14px; margin-left: 2px;\"><\/div>\n<div style=\"background-color: #f4f4f4; border-radius: 50%; height: 12.5px; width: 12.5px; transform: translateX(9px) translateY(-18px);\"><\/div>\n<\/div>\n<div style=\"margin-left: 8px;\">\n<div style=\"background-color: #f4f4f4; border-radius: 50%; flex-grow: 0; height: 20px; width: 20px;\"><\/div>\n<div style=\"width: 0; height: 0; border-top: 2px solid transparent; border-left: 6px solid #f4f4f4; border-bottom: 2px solid transparent; transform: translateX(16px) translateY(-4px) rotate(30deg);\"><\/div>\n<\/div>\n<div style=\"margin-left: auto;\">\n<div style=\"width: 0px; border-top: 8px solid #F4F4F4; border-right: 8px solid transparent; transform: translateY(16px);\"><\/div>\n<div style=\"background-color: #f4f4f4; flex-grow: 0; height: 12px; width: 16px; transform: translateY(-4px);\"><\/div>\n<div style=\"width: 0; height: 0; border-top: 8px solid #F4F4F4; border-left: 8px solid transparent; transform: translateY(-4px) translateX(8px);\"><\/div>\n<\/div>\n<\/div>\n<p>&nbsp;<\/p>\n<p style=\"margin: 8px 0 0 0; padding: 0 4px;\"><a style=\"color: #000; font-family: Arial,sans-serif; font-size: 14px; font-style: normal; font-weight: normal; line-height: 17px; text-decoration: none; word-wrap: break-word;\" href=\"https:\/\/www.instagram.com\/p\/Bu84ssPAAf1\/?utm_source=ig_embed&amp;utm_medium=loading\" target=\"_blank\" rel=\"noopener\">Indalecio C\u00faneo Libarona. 11\u202203\u20222019 &#x2764;&#xfe0f; Inexplicable, incomparable, m\u00e1gico y revolucionario fueron algunas de las palabras que m\u00e1s escuch\u00e9 durante mi embarazo de lo que significaba tener un hijo. No son suficientes, no alcanzan, no existen&#8230; Es algo que te atraviesa y no puedo describirlo, Estoy profundamente agradecida a mi medico @joseluisdardano Vale y todo el equipo que me acompa\u00f1\u00f3 en estas 37.2 semanas de amor. Indalecio significa \u201cenviado de Dios\u201d con Cristi\u00e1n, mi marido, aceptamos su voluntad de llamarse as\u00ed. C\u00f3mo SU voluntad? Si, as\u00ed como lo digo, pero dejo la historia para cont\u00e1rselas otro d\u00eda. &#x1f64f;&#x1f3fb;&#x1f4ab;<\/a><\/p>\n<p style=\"color: #c9c8cd; font-family: Arial,sans-serif; font-size: 14px; line-height: 17px; margin-bottom: 0; margin-top: 8px; overflow: hidden; padding: 8px 0 7px; text-align: center; text-overflow: ellipsis; white-space: nowrap;\">Una publicaci\u00f3n compartida de <a style=\"color: #c9c8cd; font-family: Arial,sans-serif; font-size: 14px; font-style: normal; font-weight: normal; line-height: 17px;\" href=\"https:\/\/www.instagram.com\/lulifernandezok\/?utm_source=ig_embed&amp;utm_medium=loading\" target=\"_blank\" rel=\"noopener\"> Luli Fernandez<\/a> (@lulifernandezok) el <time style=\"font-family: Arial,sans-serif; font-size: 14px; line-height: 17px;\" datetime=\"2019-03-13T14:10:15+00:00\">13 Mar, 2019 a las 7:10 PDT<\/time><\/p>\n<\/div>\n<\/blockquote>\n<p><script async src=\"\/\/www.instagram.com\/embed.js\"><\/script><\/p>\n<p>&nbsp;<\/p>\n<!-- AddThis Advanced Settings generic via filter on the_content --><!-- AddThis Share Buttons generic via filter on the_content -->","protected":false},"excerpt":{"rendered":"<p>A d\u00edas de dar a luz, la modelo comparti\u00f3 una dulce fotograf\u00eda de su beb\u00e9. El 11 de marzo Luli Fern\u00e1ndez y Cristi\u00e1n C\u00faneo Libarona se convirtieron en padres de su primer hijo. Ella es madre primeriza, mientras que su pareja es padre cuatro hijos fruto de una relaci\u00f3n anterior (Santos, Mar\u00eda, Vicente y Jacinto). [&hellip;]<!-- AddThis Advanced Settings generic via filter on get_the_excerpt --><!-- AddThis Share Buttons generic via filter on get_the_excerpt --><\/p>\n","protected":false},"author":6,"featured_media":12587,"comment_status":"closed","ping_status":"open","sticky":false,"template":"","format":"standard","meta":{"_acf_changed":false,"om_disable_all_campaigns":false,"_monsterinsights_skip_tracking":false,"_monsterinsights_sitenote_active":false,"_monsterinsights_sitenote_note":"","_monsterinsights_sitenote_category":0,"_uf_show_specific_survey":0,"_uf_disable_surveys":false,"footnotes":""},"categories":[100],"tags":[],"class_list":["post-12586","post","type-post","status-publish","format-standard","has-post-thumbnail","hentry","category-noticias"],"acf":[],"aioseo_notices":[],"_links":{"self":[{"href":"https:\/\/www.lasrosas.com.ar\/portal\/wp-json\/wp\/v2\/posts\/12586","targetHints":{"allow":["GET"]}}],"collection":[{"href":"https:\/\/www.lasrosas.com.ar\/portal\/wp-json\/wp\/v2\/posts"}],"about":[{"href":"https:\/\/www.lasrosas.com.ar\/portal\/wp-json\/wp\/v2\/types\/post"}],"author":[{"embeddable":true,"href":"https:\/\/www.lasrosas.com.ar\/portal\/wp-json\/wp\/v2\/users\/6"}],"replies":[{"embeddable":true,"href":"https:\/\/www.lasrosas.com.ar\/portal\/wp-json\/wp\/v2\/comments?post=12586"}],"version-history":[{"count":0,"href":"https:\/\/www.lasrosas.com.ar\/portal\/wp-json\/wp\/v2\/posts\/12586\/revisions"}],"wp:featuredmedia":[{"embeddable":true,"href":"https:\/\/www.lasrosas.com.ar\/portal\/wp-json\/wp\/v2\/media\/12587"}],"wp:attachment":[{"href":"https:\/\/www.lasrosas.com.ar\/portal\/wp-json\/wp\/v2\/media?parent=12586"}],"wp:term":[{"taxonomy":"category","embeddable":true,"href":"https:\/\/www.lasrosas.com.ar\/portal\/wp-json\/wp\/v2\/categories?post=12586"},{"taxonomy":"post_tag","embeddable":true,"href":"https:\/\/www.lasrosas.com.ar\/portal\/wp-json\/wp\/v2\/tags?post=12586"}],"curies":[{"name":"wp","href":"https:\/\/api.w.org\/{rel}","templated":true}]}}