{"id":12557,"date":"2019-03-11T12:33:36","date_gmt":"2019-03-11T15:33:36","guid":{"rendered":"https:\/\/www.lasrosas.com.ar\/portal\/?p=12557"},"modified":"2019-03-11T12:34:31","modified_gmt":"2019-03-11T15:34:31","slug":"calu-rivero-lanzo-su-libro-autobiografico","status":"publish","type":"post","link":"https:\/\/www.lasrosas.com.ar\/portal\/calu-rivero-lanzo-su-libro-autobiografico\/","title":{"rendered":"CALU RIVERO LANZ\u00d3 SU LIBRO AUTOBIOGR\u00c1FICO"},"content":{"rendered":"<h3><strong>La actriz y modelo escribi\u00f3 en su libro c\u00f3mo vivi\u00f3 el acoso de Juan Darth\u00e9s.<\/strong><\/h3>\n<p><strong>Calu Rivero<\/strong> escribi\u00f3 su primer libro autobiogr\u00e1fico y no cont\u00f3 con un t\u00edtulo. Durante 303 p\u00e1ginas, la influencer comparte los momentos m\u00e1s importantes de su vida, como su infancia en Catamarca, su relaci\u00f3n con su familia y su logros m\u00e1s importantes en su carrera profesional.<\/p>\n<p>Dentro del libro, la actriz escribi\u00f3 un cap\u00edtulo llamado <em><strong>\u00abNo era ficci\u00f3n, estaba ocurriendo en la realidad\u00bb<\/strong> <\/em>cuenta en primer persona sus dolorosa experiencia con el actor <strong>Juan Darth\u00e9s<\/strong>, denunciando por violencia de g\u00e9nero varias actrices del colectivo <strong>\u00abActrices Argentinas\u00bb<\/strong>.<\/p>\n<p>Sin mencionarlo, Calu confiesa c\u00f3mo fueron sus d\u00edas dentro de la telenovela <strong>\u00abDulce Amor\u00bb<\/strong>, la situaci\u00f3n de acoso que sufri\u00f3 por parte del actor, su posterior renuncia y c\u00f3mo le cost\u00f3 sanar esa herida.<\/p>\n<p><em><strong>\u201cNecesito que salga el dolor, con el deseo de que no regrese m\u00e1s\u201d<\/strong><\/em>, as\u00ed comienza su relato.<\/p>\n<p>El libro biogr\u00e1fico ya se encuentra a la venta en las librer\u00edas del pa\u00eds.<\/p>\n<p><img decoding=\"async\" class=\"alignnone size-medium wp-image-12560 lazyload\" data-src=\"https:\/\/www.lasrosas.com.ar\/portal\/wp-content\/uploads\/tapa-libro-calu-117671-173254-696x960.jpg\" alt=\"\" width=\"696\" height=\"960\" data-srcset=\"https:\/\/www.lasrosas.com.ar\/portal\/wp-content\/uploads\/tapa-libro-calu-117671-173254-696x960.jpg 696w, https:\/\/www.lasrosas.com.ar\/portal\/wp-content\/uploads\/tapa-libro-calu-117671-173254.jpg 870w\" data-sizes=\"(max-width: 696px) 100vw, 696px\" src=\"data:image\/svg+xml;base64,PHN2ZyB3aWR0aD0iMSIgaGVpZ2h0PSIxIiB4bWxucz0iaHR0cDovL3d3dy53My5vcmcvMjAwMC9zdmciPjwvc3ZnPg==\" style=\"--smush-placeholder-width: 696px; --smush-placeholder-aspect-ratio: 696\/960;\" \/><\/p>\n<!-- AddThis Advanced Settings generic via filter on the_content --><!-- AddThis Share Buttons generic via filter on the_content -->","protected":false},"excerpt":{"rendered":"<p>La actriz y modelo escribi\u00f3 en su libro c\u00f3mo vivi\u00f3 el acoso de Juan Darth\u00e9s. Calu Rivero escribi\u00f3 su primer libro autobiogr\u00e1fico y no cont\u00f3 con un t\u00edtulo. Durante 303 p\u00e1ginas, la influencer comparte los momentos m\u00e1s importantes de su vida, como su infancia en Catamarca, su relaci\u00f3n con su familia y su logros m\u00e1s [&hellip;]<!-- AddThis Advanced Settings generic via filter on get_the_excerpt --><!-- AddThis Share Buttons generic via filter on get_the_excerpt --><\/p>\n","protected":false},"author":6,"featured_media":12561,"comment_status":"closed","ping_status":"open","sticky":false,"template":"","format":"standard","meta":{"_acf_changed":false,"om_disable_all_campaigns":false,"_monsterinsights_skip_tracking":false,"_monsterinsights_sitenote_active":false,"_monsterinsights_sitenote_note":"","_monsterinsights_sitenote_category":0,"_uf_show_specific_survey":0,"_uf_disable_surveys":false,"footnotes":""},"categories":[100],"tags":[],"class_list":["post-12557","post","type-post","status-publish","format-standard","has-post-thumbnail","hentry","category-noticias"],"acf":[],"aioseo_notices":[],"_links":{"self":[{"href":"https:\/\/www.lasrosas.com.ar\/portal\/wp-json\/wp\/v2\/posts\/12557","targetHints":{"allow":["GET"]}}],"collection":[{"href":"https:\/\/www.lasrosas.com.ar\/portal\/wp-json\/wp\/v2\/posts"}],"about":[{"href":"https:\/\/www.lasrosas.com.ar\/portal\/wp-json\/wp\/v2\/types\/post"}],"author":[{"embeddable":true,"href":"https:\/\/www.lasrosas.com.ar\/portal\/wp-json\/wp\/v2\/users\/6"}],"replies":[{"embeddable":true,"href":"https:\/\/www.lasrosas.com.ar\/portal\/wp-json\/wp\/v2\/comments?post=12557"}],"version-history":[{"count":0,"href":"https:\/\/www.lasrosas.com.ar\/portal\/wp-json\/wp\/v2\/posts\/12557\/revisions"}],"wp:featuredmedia":[{"embeddable":true,"href":"https:\/\/www.lasrosas.com.ar\/portal\/wp-json\/wp\/v2\/media\/12561"}],"wp:attachment":[{"href":"https:\/\/www.lasrosas.com.ar\/portal\/wp-json\/wp\/v2\/media?parent=12557"}],"wp:term":[{"taxonomy":"category","embeddable":true,"href":"https:\/\/www.lasrosas.com.ar\/portal\/wp-json\/wp\/v2\/categories?post=12557"},{"taxonomy":"post_tag","embeddable":true,"href":"https:\/\/www.lasrosas.com.ar\/portal\/wp-json\/wp\/v2\/tags?post=12557"}],"curies":[{"name":"wp","href":"https:\/\/api.w.org\/{rel}","templated":true}]}}