{"id":11982,"date":"2019-02-18T12:06:49","date_gmt":"2019-02-18T15:06:49","guid":{"rendered":"https:\/\/www.lasrosas.com.ar\/portal\/?p=11982"},"modified":"2019-02-18T12:06:49","modified_gmt":"2019-02-18T15:06:49","slug":"pomeline-logro-vencer-las-migranas-a-traves-de-la-nutricion-holistica","status":"publish","type":"post","link":"https:\/\/www.lasrosas.com.ar\/portal\/pomeline-logro-vencer-las-migranas-a-traves-de-la-nutricion-holistica\/","title":{"rendered":"POMELINE, LOGR\u00d3 VENCER LAS MIGRA\u00d1AS A TRAV\u00c9S DE LA NUTRICI\u00d3N HOL\u00cdSTICA"},"content":{"rendered":"<p style=\"text-align: right;\"><strong>Por Estely Rotmistrovsky @thepomeline<br \/>\n<\/strong><strong>Healthy traveler &amp; juice content creator<\/strong><\/p>\n<h3><strong>Investigu\u00e9 y transform\u00e9 una afecci\u00f3n tan grave como la migra\u00f1a, en un proyecto para motivar a otras mujeres. A los 17 a\u00f1os tuve un episodio de parestesia en la cual perd\u00ed sensibilidad en todo el lado derecho del cuerpo, seguido de trastornos en el habla y perdida casi total de la visi\u00f3n. Despu\u00e9s de estar internada 4 d\u00edas me diagnosticaron migra\u00f1a cr\u00f3nica.<\/strong><\/h3>\n<p><img decoding=\"async\" class=\"alignnone size-medium wp-image-11983 lazyload\" data-src=\"https:\/\/www.lasrosas.com.ar\/portal\/wp-content\/uploads\/thepomeline-01-960x640.jpg\" alt=\"\" width=\"960\" height=\"640\" data-srcset=\"https:\/\/www.lasrosas.com.ar\/portal\/wp-content\/uploads\/thepomeline-01-960x640.jpg 960w, https:\/\/www.lasrosas.com.ar\/portal\/wp-content\/uploads\/thepomeline-01.jpg 1800w\" data-sizes=\"(max-width: 960px) 100vw, 960px\" src=\"data:image\/svg+xml;base64,PHN2ZyB3aWR0aD0iMSIgaGVpZ2h0PSIxIiB4bWxucz0iaHR0cDovL3d3dy53My5vcmcvMjAwMC9zdmciPjwvc3ZnPg==\" style=\"--smush-placeholder-width: 960px; --smush-placeholder-aspect-ratio: 960\/640;\" \/><\/p>\n<p><em>\u00a0<\/em>Vivir con esta afecci\u00f3n te condiciona el bienestar, el humor, las salidas sociales y es dif\u00edcil que las personas que te rodean puedan entender el umbral de dolor que puede causarte una migra\u00f1a.<\/p>\n<p>Me encontr\u00e9 a los 21 a\u00f1os tomando 7 medicamentos por d\u00eda, que me generaban mayor malestar.<\/p>\n<p>Recorr\u00ed muchas nutricionistas y orientaciones hasta que finalmente, hace m\u00e1s de 4 a\u00f1os, comenc\u00e9 con la <strong>Nutrici\u00f3n Hol\u00edstica<\/strong>, enfocada en el bienestar integral de cada individuo.<\/p>\n<p>Tuve que aprender a escuchar a mi cuerpo y conocer en profundidad cuales son los factores que aumentan significativamente la aparici\u00f3n de los episodios de migra\u00f1a:<\/p>\n<ol>\n<li><strong>Alimentaci\u00f3n:<\/strong> consumo de alcohol, az\u00facar, l\u00e1cteos y harinas refinadas, entre otras.<\/li>\n<li>Uso frecuente de <strong>medicamentos<\/strong> para el dolor de cabeza, que terminan provocando un <strong>\u201cefecto rebote\u201d.<\/strong><\/li>\n<li><strong>Trastorno en las horas de sue\u00f1o.<\/strong><\/li>\n<li><strong>Estr\u00e9s.<\/strong><\/li>\n<li><strong>Ausencia de actividad f\u00edsica.<\/strong><\/li>\n<\/ol>\n<p><img decoding=\"async\" class=\"alignnone size-medium wp-image-11985 lazyload\" data-src=\"https:\/\/www.lasrosas.com.ar\/portal\/wp-content\/uploads\/thepomeline-jugoterapia-01-960x640.jpg\" alt=\"\" width=\"960\" height=\"640\" data-srcset=\"https:\/\/www.lasrosas.com.ar\/portal\/wp-content\/uploads\/thepomeline-jugoterapia-01-960x640.jpg 960w, https:\/\/www.lasrosas.com.ar\/portal\/wp-content\/uploads\/thepomeline-jugoterapia-01.jpg 1800w\" data-sizes=\"(max-width: 960px) 100vw, 960px\" src=\"data:image\/svg+xml;base64,PHN2ZyB3aWR0aD0iMSIgaGVpZ2h0PSIxIiB4bWxucz0iaHR0cDovL3d3dy53My5vcmcvMjAwMC9zdmciPjwvc3ZnPg==\" style=\"--smush-placeholder-width: 960px; --smush-placeholder-aspect-ratio: 960\/640;\" \/><\/p>\n<p>Tomar <em>agua tibia con lim\u00f3n en ayunas<\/em>, y <em>jugos verdes<\/em> que siempre inclu\u00edan <em>jengibre<\/em> se volvieron una parte indispensable de mi d\u00eda a d\u00eda, y as\u00ed fui notando mejoras radicales.<\/p>\n<p>Incorpor\u00e9 el habito de llevar un registro diario de todo lo que consum\u00eda, hs de sue\u00f1o, actividad f\u00edsica etc, lo cual me ayud\u00f3 a identificar, guiada por profesionales, cuales eran los factores que deb\u00eda modificar.<\/p>\n<p>No solo tuve una mejora radical de mi estilo de vida, sino que <strong><em>curarme <\/em><\/strong>y <strong><em>vencer <\/em><\/strong>esta afecci\u00f3n me llevo a querer compartir mi experiencia y bienestar con otras personas que padecen lo mismo.<\/p>\n<p>Hace 4 a\u00f1os decid\u00ed crear mi proyecto llamado\u00a0<strong>@thepomeline<\/strong> que tiene como objetivo inspirar, motivar y acompa\u00f1ar a otras mujeres a lograr un bienestar integral, enfocada principalmente en <em>h\u00e1bitos saludables<\/em> y <em>jugoterapia. <\/em><\/p>\n<p><em>\u00a0<\/em><\/p>\n<p><em>\u00a0<\/em><\/p>\n<p>&nbsp;<\/p>\n<p>&nbsp;<\/p>\n<!-- AddThis Advanced Settings generic via filter on the_content --><!-- AddThis Share Buttons generic via filter on the_content -->","protected":false},"excerpt":{"rendered":"<p>Por Estely Rotmistrovsky @thepomeline Healthy traveler &amp; juice content creator Investigu\u00e9 y transform\u00e9 una afecci\u00f3n tan grave como la migra\u00f1a, en un proyecto para motivar a otras mujeres. A los 17 a\u00f1os tuve un episodio de parestesia en la cual perd\u00ed sensibilidad en todo el lado derecho del cuerpo, seguido de trastornos en el habla [&hellip;]<!-- AddThis Advanced Settings generic via filter on get_the_excerpt --><!-- AddThis Share Buttons generic via filter on get_the_excerpt --><\/p>\n","protected":false},"author":6,"featured_media":11984,"comment_status":"closed","ping_status":"open","sticky":false,"template":"","format":"standard","meta":{"_acf_changed":false,"om_disable_all_campaigns":false,"_monsterinsights_skip_tracking":false,"_monsterinsights_sitenote_active":false,"_monsterinsights_sitenote_note":"","_monsterinsights_sitenote_category":0,"_uf_show_specific_survey":0,"_uf_disable_surveys":false,"footnotes":""},"categories":[376],"tags":[],"class_list":["post-11982","post","type-post","status-publish","format-standard","has-post-thumbnail","hentry","category-lifestyle"],"acf":[],"aioseo_notices":[],"_links":{"self":[{"href":"https:\/\/www.lasrosas.com.ar\/portal\/wp-json\/wp\/v2\/posts\/11982","targetHints":{"allow":["GET"]}}],"collection":[{"href":"https:\/\/www.lasrosas.com.ar\/portal\/wp-json\/wp\/v2\/posts"}],"about":[{"href":"https:\/\/www.lasrosas.com.ar\/portal\/wp-json\/wp\/v2\/types\/post"}],"author":[{"embeddable":true,"href":"https:\/\/www.lasrosas.com.ar\/portal\/wp-json\/wp\/v2\/users\/6"}],"replies":[{"embeddable":true,"href":"https:\/\/www.lasrosas.com.ar\/portal\/wp-json\/wp\/v2\/comments?post=11982"}],"version-history":[{"count":0,"href":"https:\/\/www.lasrosas.com.ar\/portal\/wp-json\/wp\/v2\/posts\/11982\/revisions"}],"wp:featuredmedia":[{"embeddable":true,"href":"https:\/\/www.lasrosas.com.ar\/portal\/wp-json\/wp\/v2\/media\/11984"}],"wp:attachment":[{"href":"https:\/\/www.lasrosas.com.ar\/portal\/wp-json\/wp\/v2\/media?parent=11982"}],"wp:term":[{"taxonomy":"category","embeddable":true,"href":"https:\/\/www.lasrosas.com.ar\/portal\/wp-json\/wp\/v2\/categories?post=11982"},{"taxonomy":"post_tag","embeddable":true,"href":"https:\/\/www.lasrosas.com.ar\/portal\/wp-json\/wp\/v2\/tags?post=11982"}],"curies":[{"name":"wp","href":"https:\/\/api.w.org\/{rel}","templated":true}]}}