{"id":11833,"date":"2019-02-01T17:13:43","date_gmt":"2019-02-01T20:13:43","guid":{"rendered":"https:\/\/www.lasrosas.com.ar\/portal\/?p=11833"},"modified":"2019-02-01T17:13:43","modified_gmt":"2019-02-01T20:13:43","slug":"el-lanzamiento-del-show-de-leo-messi-con-cirque-du-soleil","status":"publish","type":"post","link":"https:\/\/www.lasrosas.com.ar\/portal\/el-lanzamiento-del-show-de-leo-messi-con-cirque-du-soleil\/","title":{"rendered":"EL LANZAMIENTO DEL SHOW DE LEO MESSI CON CIRQUE DU SOLEIL"},"content":{"rendered":"<h3><strong>Con la presencia de grandes figuras de la industria de la m\u00fasica, la televisi\u00f3n y el deporte se present\u00f3 el nuevo show del Cirque Du Soleil.<\/strong><\/h3>\n<p>Anoche en el <strong>Camp Nou, Barcelona FC,<\/strong> se present\u00f3 el nuevo show del <strong>Cirque Du Solei<\/strong> inspirado en la vida del futbolista Lionel Messi. El espect\u00e1culo tan esperado\u00a0se estrenar\u00e1 reci\u00e9n el 10 de octubre en la ciudad de Barcelona.<\/p>\n<p>La gran figura de la noche fue <strong>Leo Messi<\/strong> que se mostr\u00f3 contento con el proyecto y se sac\u00f3 fotos con todos sus invitados. Durante su paso por la alfombra roja estuvo acompa\u00f1ado por su esposa <strong>Antonella Rocuzzo<\/strong> que deslumbr\u00f3, una vez m\u00e1s, con su hermoso atuendo.<\/p>\n<p>A la celebraci\u00f3n asistieron directivos y compa\u00f1eros del <strong>Barca,<\/strong> personajes del mundo de la m\u00fasica como <strong>Shakira, Dread Mar I, Soledad Pastoruti, Ren\u00e9, Axel, Adri\u00e1n D\u00e1rgelos<\/strong>, entre otros; y tambi\u00e9n figuras de la televisi\u00f3n.<\/p>\n\r\n\t\t<style type='text\/css'>\r\n\t\t\t#gallery-1 {\r\n\t\t\t\tmargin: auto;\r\n\t\t\t}\r\n\t\t\t#gallery-1 .gallery-item {\r\n\t\t\t\tfloat: left;\r\n\t\t\t\tmargin-top: 10px;\r\n\t\t\t\ttext-align: center;\r\n\t\t\t\twidth: 33%;\r\n\t\t\t}\r\n\t\t\t#gallery-1 img {\r\n\t\t\t\tborder: 2px solid #cfcfcf;\r\n\t\t\t}\r\n\t\t\t#gallery-1 .gallery-caption {\r\n\t\t\t\tmargin-left: 0;\r\n\t\t\t}\r\n\t\t<\/style>\r\n\t\t<!-- see gallery_shortcode() in wp-includes\/media.php -->\n\t\t<div id='gallery-1' class='gallery galleryid-11833 gallery-columns-3 gallery-size-full gallery1'><script type=\"text\/javascript\">\r\n\/\/ <![CDATA[\r\n\tjQuery(document).ready(function () {\r\n\t\tjQuery(\".gallery1 a\").attr(\"rel\",\"gallery1\");\t\r\n\t\tjQuery('a[rel=\"gallery1\"]').colorbox({maxWidth:\"95%\", maxHeight:\"95%\",title: function(){ return jQuery(this).children().attr(\"alt\"); }, });\r\n\t});\r\n\/\/ ]]>\r\n<\/script>\n<dl class=\"gallery-item\">\n<dt class=\"gallery-icon\">\r\n<a href=\"https:\/\/www.lasrosas.com.ar\/portal\/wp-content\/uploads\/Messi-10-Cirque-Du-Soleil-4-1280x1920.jpg\" title=\"Fotos de Mat\u00edas Vargas\" rel=\"gallery1\"><img decoding=\"async\" data-src=\"https:\/\/www.lasrosas.com.ar\/portal\/wp-content\/uploads\/Messi-10-Cirque-Du-Soleil-4.jpg\" width=\"1920\" height=\"2880\" alt=\"Fotos de Mat\u00edas Vargas\" src=\"data:image\/svg+xml;base64,PHN2ZyB3aWR0aD0iMSIgaGVpZ2h0PSIxIiB4bWxucz0iaHR0cDovL3d3dy53My5vcmcvMjAwMC9zdmciPjwvc3ZnPg==\" class=\"lazyload\" style=\"--smush-placeholder-width: 1920px; --smush-placeholder-aspect-ratio: 1920\/2880;\" \/><\/a>\r\n<\/dt><dd class=\"gallery-caption\" id=\"caption11835\"><span class=\"imagecaption\">Fotos de Mat\u00edas Vargas<\/span><br \/>\n<\/dd><\/dl><dl class=\"gallery-item\">\n<dt class=\"gallery-icon\">\r\n<a href=\"https:\/\/www.lasrosas.com.ar\/portal\/wp-content\/uploads\/Lanzamiento-Messi-Cirque-du-Soleil-33-1280x1920.jpg\" title=\"Fotos de Mat\u00edas Vargas\" rel=\"gallery1\"><img decoding=\"async\" data-src=\"https:\/\/www.lasrosas.com.ar\/portal\/wp-content\/uploads\/Lanzamiento-Messi-Cirque-du-Soleil-33.jpg\" width=\"1920\" height=\"2880\" alt=\"Fotos de Mat\u00edas Vargas\" src=\"data:image\/svg+xml;base64,PHN2ZyB3aWR0aD0iMSIgaGVpZ2h0PSIxIiB4bWxucz0iaHR0cDovL3d3dy53My5vcmcvMjAwMC9zdmciPjwvc3ZnPg==\" class=\"lazyload\" style=\"--smush-placeholder-width: 1920px; --smush-placeholder-aspect-ratio: 1920\/2880;\" \/><\/a>\r\n<\/dt><dd class=\"gallery-caption\" id=\"caption11836\"><span class=\"imagecaption\">Fotos de Mat\u00edas Vargas<\/span><br \/>\n<\/dd><\/dl><dl class=\"gallery-item\">\n<dt class=\"gallery-icon\">\r\n<a href=\"https:\/\/www.lasrosas.com.ar\/portal\/wp-content\/uploads\/Messi-10-Cirque-Du-Soleil-5-1280x1920.jpg\" title=\"Fotos de Mat\u00edas Vargas\" rel=\"gallery1\"><img decoding=\"async\" data-src=\"https:\/\/www.lasrosas.com.ar\/portal\/wp-content\/uploads\/Messi-10-Cirque-Du-Soleil-5.jpg\" width=\"1920\" height=\"2880\" alt=\"Fotos de Mat\u00edas Vargas\" src=\"data:image\/svg+xml;base64,PHN2ZyB3aWR0aD0iMSIgaGVpZ2h0PSIxIiB4bWxucz0iaHR0cDovL3d3dy53My5vcmcvMjAwMC9zdmciPjwvc3ZnPg==\" class=\"lazyload\" style=\"--smush-placeholder-width: 1920px; --smush-placeholder-aspect-ratio: 1920\/2880;\" \/><\/a>\r\n<\/dt><dd class=\"gallery-caption\" id=\"caption11837\"><span class=\"imagecaption\">Fotos de Mat\u00edas Vargas<\/span><br \/>\n<\/dd><\/dl><br style=\"clear: both\" \/>\r\n\t\t<\/div>\n\n<p>A trav\u00e9s de acrobacias, bailes y destrezas, el <strong>Cirque Du Soleil<\/strong> contar\u00e1 la historia de un ni\u00f1o que sue\u00f1a con convertirse en el mejor jugador del mundo.<\/p>\n<p><strong>Te mostramos el trailer del show.<\/strong><\/p>\n<p><iframe data-src=\"https:\/\/www.youtube.com\/embed\/95iz7ucFcKI\" width=\"1280\" height=\"720\" frameborder=\"0\" allowfullscreen=\"allowfullscreen\" src=\"data:image\/svg+xml;base64,PHN2ZyB3aWR0aD0iMSIgaGVpZ2h0PSIxIiB4bWxucz0iaHR0cDovL3d3dy53My5vcmcvMjAwMC9zdmciPjwvc3ZnPg==\" class=\"lazyload\" data-load-mode=\"1\"><\/iframe><\/p>\n<!-- AddThis Advanced Settings generic via filter on the_content --><!-- AddThis Share Buttons generic via filter on the_content -->","protected":false},"excerpt":{"rendered":"<p>Con la presencia de grandes figuras de la industria de la m\u00fasica, la televisi\u00f3n y el deporte se present\u00f3 el nuevo show del Cirque Du Soleil. Anoche en el Camp Nou, Barcelona FC, se present\u00f3 el nuevo show del Cirque Du Solei inspirado en la vida del futbolista Lionel Messi. El espect\u00e1culo tan esperado\u00a0se estrenar\u00e1 [&hellip;]<!-- AddThis Advanced Settings generic via filter on get_the_excerpt --><!-- AddThis Share Buttons generic via filter on get_the_excerpt --><\/p>\n","protected":false},"author":6,"featured_media":11834,"comment_status":"closed","ping_status":"open","sticky":false,"template":"","format":"standard","meta":{"_acf_changed":false,"om_disable_all_campaigns":false,"_monsterinsights_skip_tracking":false,"_monsterinsights_sitenote_active":false,"_monsterinsights_sitenote_note":"","_monsterinsights_sitenote_category":0,"_uf_show_specific_survey":0,"_uf_disable_surveys":false,"footnotes":""},"categories":[100],"tags":[],"class_list":["post-11833","post","type-post","status-publish","format-standard","has-post-thumbnail","hentry","category-noticias"],"acf":[],"aioseo_notices":[],"_links":{"self":[{"href":"https:\/\/www.lasrosas.com.ar\/portal\/wp-json\/wp\/v2\/posts\/11833","targetHints":{"allow":["GET"]}}],"collection":[{"href":"https:\/\/www.lasrosas.com.ar\/portal\/wp-json\/wp\/v2\/posts"}],"about":[{"href":"https:\/\/www.lasrosas.com.ar\/portal\/wp-json\/wp\/v2\/types\/post"}],"author":[{"embeddable":true,"href":"https:\/\/www.lasrosas.com.ar\/portal\/wp-json\/wp\/v2\/users\/6"}],"replies":[{"embeddable":true,"href":"https:\/\/www.lasrosas.com.ar\/portal\/wp-json\/wp\/v2\/comments?post=11833"}],"version-history":[{"count":0,"href":"https:\/\/www.lasrosas.com.ar\/portal\/wp-json\/wp\/v2\/posts\/11833\/revisions"}],"wp:featuredmedia":[{"embeddable":true,"href":"https:\/\/www.lasrosas.com.ar\/portal\/wp-json\/wp\/v2\/media\/11834"}],"wp:attachment":[{"href":"https:\/\/www.lasrosas.com.ar\/portal\/wp-json\/wp\/v2\/media?parent=11833"}],"wp:term":[{"taxonomy":"category","embeddable":true,"href":"https:\/\/www.lasrosas.com.ar\/portal\/wp-json\/wp\/v2\/categories?post=11833"},{"taxonomy":"post_tag","embeddable":true,"href":"https:\/\/www.lasrosas.com.ar\/portal\/wp-json\/wp\/v2\/tags?post=11833"}],"curies":[{"name":"wp","href":"https:\/\/api.w.org\/{rel}","templated":true}]}}