{"id":11538,"date":"2019-01-22T16:57:26","date_gmt":"2019-01-22T19:57:26","guid":{"rendered":"https:\/\/www.lasrosas.com.ar\/portal\/?p=11538"},"modified":"2019-01-22T16:58:57","modified_gmt":"2019-01-22T19:58:57","slug":"dietas-veraniegas-errores-comunes","status":"publish","type":"post","link":"https:\/\/www.lasrosas.com.ar\/portal\/dietas-veraniegas-errores-comunes\/","title":{"rendered":"DIETAS VERANIEGAS: ERRORES COMUNES"},"content":{"rendered":"<h3><strong>Fundaci\u00f3n Barcel\u00f3\u00a0nos menciona algunos errores comunes a la hora de querer bajar de peso y nos da consejos para mantener una dieta balanceada sin descuidar la salud.\u00a0\u00a0<\/strong><\/h3>\n<div>Comenz\u00f3 la \u00e9poca m\u00e1s calurosa del a\u00f1o y con ella la desesperaci\u00f3n de muchos por bajar de peso en poco tiempo. Si bien el verano es uno de los momentos ideales para comer m\u00e1s liviano, muchos caen en la tentaci\u00f3n de sumarse a dietas milagrosas que son aparentemente eficaces pero poco saludables.\u00a0<strong>Fundaci\u00f3n Barcel\u00f3<\/strong>\u00a0menciona algunos errores comunes y brinda consejos para mantener una dieta balanceada sin descuidar la salud.<\/p>\n<\/div>\n<div><\/div>\n<div>Seg\u00fan la <strong>Organizaci\u00f3n Mundial de la Salud (OMS)<\/strong>, una buena nutrici\u00f3n (dieta suficiente y equilibrada combinada con el ejercicio f\u00edsico regular) es fundamental para gozar de una buena\u00a0salud. <strong>Norma Isabel Guezikaraian<\/strong>, <em>Adjunta a Direcci\u00f3n y \u00a0Coordinadora General PPS\u00a0de Nutrici\u00f3n<\/em> de\u00a0<strong>Fundaci\u00f3n Barcel\u00f3<\/strong>, menciona algunos errores comunes a la hora de decidir bajar de peso de forma r\u00e1pida:<strong><\/p>\n<p><\/strong><\/div>\n<div>\n<ul>\n<li><strong>Saltarse comidas<\/strong><strong>:\u00a0<\/strong>no solo no es recomendable saltearse comidas, sino que se aconseja\u00a0<strong>sumar colaciones entre las cuatro comidas diarias<\/strong>. Esto nos permitir\u00e1 llegar a las comidas con una sensaci\u00f3n de saciedad y comer porciones m\u00e1s peque\u00f1as.<\/li>\n<li><strong>Restringir alimentos<\/strong>:\u00a0no hay buenos ni malos alimentos sino que el problema suele radicar en las porciones y\/o combinaciones. Por eso la elecci\u00f3n de dietas que restringen el consumo de ciertos alimentos genera un descenso de peso en el corto plazo pero genera ansiedad y el riesgo de un efecto rebote.<\/li>\n<li><strong>Tomar jugos desintoxicantes<\/strong>:\u00a0todas las frutas c\u00edtricas favorecen la depuraci\u00f3n del h\u00edgado gracias a sus propiedades desintoxicantes, pero al licuarlas o hacerlas jugo disminuye la sensaci\u00f3n de saciedad y aumenta los az\u00facares. Al hacerlas jugo consumimos mayor cantidad de aporte cal\u00f3rico, por eso se recomienda\u00a0<strong>consumir la fruta entera como colaci\u00f3n.<\/strong><\/li>\n<li><strong>Eliminar las prote\u00ednas<\/strong>:\u00a0es com\u00fan escuchar que dietas en las que se elimina la prote\u00edna, que se encuentra en las carnes, huevos o l\u00e1cteos. Por el contrario es aconsejable consumir entre\u00a0<strong>300 y 500 gramos de prote\u00ednas diarios<\/strong>\u00a0que permiten que la sensaci\u00f3n de saciedad dure m\u00e1s tiempo. En el caso de los vegetarianos se recomienda consumir legumbres y soja.<\/li>\n<\/ul>\n<p><strong><\/p>\n<p>Guezikaraian<\/strong> tambi\u00e9n destaca <strong>la importancia de generar h\u00e1bitos de alimentaci\u00f3n saludables y no dietas temporales.<\/strong> A su vez brinda algunos tips sencillos para estar en forma sin descuidar la salud:<\/p>\n<ul>\n<li>Hidratarse con <strong>2 litros de agua<\/strong> diarios<\/li>\n<li>Hacer <strong>20 minutos de actividad f\u00edsica por d\u00eda<\/strong><\/li>\n<li>Ingerir un <strong>desayuno completo con l\u00e1cteos y frutas\u00a0\u00a0<\/strong><\/li>\n<li><strong>Incrementar el consumo de frutas y verduras<\/strong><\/li>\n<\/ul>\n\r\n\t\t<style type='text\/css'>\r\n\t\t\t#gallery-1 {\r\n\t\t\t\tmargin: auto;\r\n\t\t\t}\r\n\t\t\t#gallery-1 .gallery-item {\r\n\t\t\t\tfloat: left;\r\n\t\t\t\tmargin-top: 10px;\r\n\t\t\t\ttext-align: center;\r\n\t\t\t\twidth: 50%;\r\n\t\t\t}\r\n\t\t\t#gallery-1 img {\r\n\t\t\t\tborder: 2px solid #cfcfcf;\r\n\t\t\t}\r\n\t\t\t#gallery-1 .gallery-caption {\r\n\t\t\t\tmargin-left: 0;\r\n\t\t\t}\r\n\t\t<\/style>\r\n\t\t<!-- see gallery_shortcode() in wp-includes\/media.php -->\n\t\t<div id='gallery-1' class='gallery galleryid-11538 gallery-columns-2 gallery-size-full gallery1'><script type=\"text\/javascript\">\r\n\/\/ <![CDATA[\r\n\tjQuery(document).ready(function () {\r\n\t\tjQuery(\".gallery1 a\").attr(\"rel\",\"gallery1\");\t\r\n\t\tjQuery('a[rel=\"gallery1\"]').colorbox({maxWidth:\"95%\", maxHeight:\"95%\",title: function(){ return jQuery(this).children().attr(\"alt\"); }, });\r\n\t});\r\n\/\/ ]]>\r\n<\/script>\n<dl class=\"gallery-item\">\n<dt class=\"gallery-icon\">\r\n<a href=\"https:\/\/www.lasrosas.com.ar\/portal\/wp-content\/uploads\/rawpixel-687066-unsplash-1920x1364.jpg\" title=\"\" rel=\"gallery1\"><img decoding=\"async\" data-src=\"https:\/\/www.lasrosas.com.ar\/portal\/wp-content\/uploads\/rawpixel-687066-unsplash.jpg\" width=\"4000\" height=\"2842\" alt=\"\" src=\"data:image\/svg+xml;base64,PHN2ZyB3aWR0aD0iMSIgaGVpZ2h0PSIxIiB4bWxucz0iaHR0cDovL3d3dy53My5vcmcvMjAwMC9zdmciPjwvc3ZnPg==\" class=\"lazyload\" style=\"--smush-placeholder-width: 4000px; --smush-placeholder-aspect-ratio: 4000\/2842;\" \/><\/a>\r\n<\/dt><\/dl><dl class=\"gallery-item\">\n<dt class=\"gallery-icon\">\r\n<a href=\"https:\/\/www.lasrosas.com.ar\/portal\/wp-content\/uploads\/alexandr-podvalny-221880-unsplash-1920x1278.jpg\" title=\"\" rel=\"gallery1\"><img decoding=\"async\" data-src=\"https:\/\/www.lasrosas.com.ar\/portal\/wp-content\/uploads\/alexandr-podvalny-221880-unsplash.jpg\" width=\"4256\" height=\"2832\" alt=\"\" src=\"data:image\/svg+xml;base64,PHN2ZyB3aWR0aD0iMSIgaGVpZ2h0PSIxIiB4bWxucz0iaHR0cDovL3d3dy53My5vcmcvMjAwMC9zdmciPjwvc3ZnPg==\" class=\"lazyload\" style=\"--smush-placeholder-width: 4256px; --smush-placeholder-aspect-ratio: 4256\/2832;\" \/><\/a>\r\n<\/dt><\/dl><br style=\"clear: both\" \/>\r\n\t\t<\/div>\n\n<\/div>\n<div>\n<p>El cuidado de la salud es uno de los principales objetivos de\u00a0<strong>Fundaci\u00f3n Barcel\u00f3<\/strong>.\u00a0Por esta raz\u00f3n, una vez m\u00e1s brinda informaci\u00f3n para ayudar a la comunidad a tener una alimentaci\u00f3n saludable.<\/p>\n<\/div>\n<div><\/div>\n<!-- AddThis Advanced Settings generic via filter on the_content --><!-- AddThis Share Buttons generic via filter on the_content -->","protected":false},"excerpt":{"rendered":"<p>Fundaci\u00f3n Barcel\u00f3\u00a0nos menciona algunos errores comunes a la hora de querer bajar de peso y nos da consejos para mantener una dieta balanceada sin descuidar la salud.\u00a0\u00a0 Comenz\u00f3 la \u00e9poca m\u00e1s calurosa del a\u00f1o y con ella la desesperaci\u00f3n de muchos por bajar de peso en poco tiempo. Si bien el verano es uno de [&hellip;]<!-- AddThis Advanced Settings generic via filter on get_the_excerpt --><!-- AddThis Share Buttons generic via filter on get_the_excerpt --><\/p>\n","protected":false},"author":6,"featured_media":11540,"comment_status":"closed","ping_status":"open","sticky":false,"template":"","format":"standard","meta":{"_acf_changed":false,"om_disable_all_campaigns":false,"_monsterinsights_skip_tracking":false,"_monsterinsights_sitenote_active":false,"_monsterinsights_sitenote_note":"","_monsterinsights_sitenote_category":0,"_uf_show_specific_survey":0,"_uf_disable_surveys":false,"footnotes":""},"categories":[376],"tags":[],"class_list":["post-11538","post","type-post","status-publish","format-standard","has-post-thumbnail","hentry","category-lifestyle"],"acf":[],"aioseo_notices":[],"_links":{"self":[{"href":"https:\/\/www.lasrosas.com.ar\/portal\/wp-json\/wp\/v2\/posts\/11538","targetHints":{"allow":["GET"]}}],"collection":[{"href":"https:\/\/www.lasrosas.com.ar\/portal\/wp-json\/wp\/v2\/posts"}],"about":[{"href":"https:\/\/www.lasrosas.com.ar\/portal\/wp-json\/wp\/v2\/types\/post"}],"author":[{"embeddable":true,"href":"https:\/\/www.lasrosas.com.ar\/portal\/wp-json\/wp\/v2\/users\/6"}],"replies":[{"embeddable":true,"href":"https:\/\/www.lasrosas.com.ar\/portal\/wp-json\/wp\/v2\/comments?post=11538"}],"version-history":[{"count":0,"href":"https:\/\/www.lasrosas.com.ar\/portal\/wp-json\/wp\/v2\/posts\/11538\/revisions"}],"wp:featuredmedia":[{"embeddable":true,"href":"https:\/\/www.lasrosas.com.ar\/portal\/wp-json\/wp\/v2\/media\/11540"}],"wp:attachment":[{"href":"https:\/\/www.lasrosas.com.ar\/portal\/wp-json\/wp\/v2\/media?parent=11538"}],"wp:term":[{"taxonomy":"category","embeddable":true,"href":"https:\/\/www.lasrosas.com.ar\/portal\/wp-json\/wp\/v2\/categories?post=11538"},{"taxonomy":"post_tag","embeddable":true,"href":"https:\/\/www.lasrosas.com.ar\/portal\/wp-json\/wp\/v2\/tags?post=11538"}],"curies":[{"name":"wp","href":"https:\/\/api.w.org\/{rel}","templated":true}]}}