{"id":11397,"date":"2019-01-18T14:46:32","date_gmt":"2019-01-18T17:46:32","guid":{"rendered":"https:\/\/www.lasrosas.com.ar\/portal\/?p=11397"},"modified":"2019-01-18T14:46:32","modified_gmt":"2019-01-18T17:46:32","slug":"benjamin-alfonso-me-siento-mas-comodo-actuando","status":"publish","type":"post","link":"https:\/\/www.lasrosas.com.ar\/portal\/benjamin-alfonso-me-siento-mas-comodo-actuando\/","title":{"rendered":"BENJAM\u00cdN ALFONSO, \u00abME SIENTO M\u00c1S C\u00d3MODO ACTUANDO\u00bb"},"content":{"rendered":"<p style=\"text-align: right;\"><strong>Por Macarena Magnano @maca_magnano<\/strong><br \/>\n<strong>Fotos: Jorge Aragon @jorgearagonphoto<\/strong><\/p>\n<h3><strong>Hace poco Benjam\u00edn comparti\u00f3 a trav\u00e9s de su instagram que estaba en pareja con Julieta Zanetti, una modelo de 22 a\u00f1os \u00a1y est\u00e1n s\u00faper enamorados! Entrevistamos al actor de Mi hermano es un clon, Educando a Nina, Yo, Potro y Quiero vivir a tu lado para que nos cuente m\u00e1s sobre c\u00f3mo fue su \u201ctrabajar y vivir\u201d en el exterior, sus noviazgos y su forma de ver la vida a los 34 a\u00f1os.<\/strong><\/h3>\n\r\n\t\t<style type='text\/css'>\r\n\t\t\t#gallery-1 {\r\n\t\t\t\tmargin: auto;\r\n\t\t\t}\r\n\t\t\t#gallery-1 .gallery-item {\r\n\t\t\t\tfloat: left;\r\n\t\t\t\tmargin-top: 10px;\r\n\t\t\t\ttext-align: center;\r\n\t\t\t\twidth: 50%;\r\n\t\t\t}\r\n\t\t\t#gallery-1 img {\r\n\t\t\t\tborder: 2px solid #cfcfcf;\r\n\t\t\t}\r\n\t\t\t#gallery-1 .gallery-caption {\r\n\t\t\t\tmargin-left: 0;\r\n\t\t\t}\r\n\t\t<\/style>\r\n\t\t<!-- see gallery_shortcode() in wp-includes\/media.php -->\n\t\t<div id='gallery-1' class='gallery galleryid-11397 gallery-columns-2 gallery-size-full gallery1'><script type=\"text\/javascript\">\r\n\/\/ <![CDATA[\r\n\tjQuery(document).ready(function () {\r\n\t\tjQuery(\".gallery1 a\").attr(\"rel\",\"gallery1\");\t\r\n\t\tjQuery('a[rel=\"gallery1\"]').colorbox({maxWidth:\"95%\", maxHeight:\"95%\",title: function(){ return jQuery(this).children().attr(\"alt\"); }, });\r\n\t});\r\n\/\/ ]]>\r\n<\/script>\n<dl class=\"gallery-item\">\n<dt class=\"gallery-icon\">\r\n<a href=\"https:\/\/www.lasrosas.com.ar\/portal\/wp-content\/uploads\/BENJA-1.jpg\" title=\"\" rel=\"gallery1\"><img decoding=\"async\" data-src=\"https:\/\/www.lasrosas.com.ar\/portal\/wp-content\/uploads\/BENJA-1.jpg\" width=\"941\" height=\"1409\" alt=\"\" src=\"data:image\/svg+xml;base64,PHN2ZyB3aWR0aD0iMSIgaGVpZ2h0PSIxIiB4bWxucz0iaHR0cDovL3d3dy53My5vcmcvMjAwMC9zdmciPjwvc3ZnPg==\" class=\"lazyload\" style=\"--smush-placeholder-width: 941px; --smush-placeholder-aspect-ratio: 941\/1409;\" \/><\/a>\r\n<\/dt><\/dl><dl class=\"gallery-item\">\n<dt class=\"gallery-icon\">\r\n<a href=\"https:\/\/www.lasrosas.com.ar\/portal\/wp-content\/uploads\/BENJA-2.jpg\" title=\"\" rel=\"gallery1\"><img decoding=\"async\" data-src=\"https:\/\/www.lasrosas.com.ar\/portal\/wp-content\/uploads\/BENJA-2.jpg\" width=\"964\" height=\"1444\" alt=\"\" src=\"data:image\/svg+xml;base64,PHN2ZyB3aWR0aD0iMSIgaGVpZ2h0PSIxIiB4bWxucz0iaHR0cDovL3d3dy53My5vcmcvMjAwMC9zdmciPjwvc3ZnPg==\" class=\"lazyload\" style=\"--smush-placeholder-width: 964px; --smush-placeholder-aspect-ratio: 964\/1444;\" \/><\/a>\r\n<\/dt><\/dl><br style=\"clear: both\" \/>\r\n\t\t<\/div>\n\n<p><strong>ESTUVISTE EN HAWAII Y COSTA RICA, \u00bfQUISIERAS VOLVER A VIAJAR-TRABAJAR?<\/strong><\/p>\n<p>S\u00ed, estuve en Hawaii y Costa Rica y la verdad que me encantar\u00eda volver a viajar y trabajar. Es una buena forma de pasar el tiempo, conociendo lugares y m\u00e1s. Viviendo como lo vive la gente local, trabajando como la gente local. De hecho, me estoy yendo para Madrid por un proyecto. En marzo estar\u00e9 en Europa arrancando una nueva etapa de viaje y trabajo.<\/p>\n<p><strong>\u00bfTRABAJAR\u00cdAS COMO DISE\u00d1ADOR INDUSTRIAL?<\/strong><\/p>\n<p>S\u00ed, la verdad que me encantar\u00eda. Relaciono mucho todo con el dise\u00f1o industrial, mi carrera universitaria. Restaur\u00e9 un departamento del a\u00f1o 50 muy venido abajo y una moto. La desmantel\u00e9 entera y la volv\u00ed a armar a mi medida. Me encantar\u00eda trabajar y hacer una Fundaci\u00f3n adaptaciones de deportes extremos o surf para chicos con capacidades diferentes.<\/p>\n<p><strong>\u00bfMODELAR, BAILAR O ACTUAR? \u00bfD\u00d3NDE TE SENT\u00cdS M\u00c1S C\u00d3MODO?<\/strong><\/p>\n<p>Me siento m\u00e1s c\u00f3modo actuando, es algo que disfruto mucho. Mucho m\u00e1s que bailando y, sobre todo, que modelando. Bailar me divierte mucho pero me gusta m\u00e1s en la actuaci\u00f3n, la improvisaci\u00f3n (y del baile tambi\u00e9n).<\/p>\n<p><strong>\u00bfCU\u00c1L ES TU MEJOR RECUERDO DE LA TELE?<\/strong><\/p>\n<p>Se\u00f1ales del Fin del Mundo fue proyecto muy lindo porque hab\u00edamos formado un lindo grupo humano. Desde ese lado la pasaba muy bien, y Viudas e hijos del rock and roll fue un proyecto espectacular porque me encontr\u00e9 en un personaje que disfrutaba mucho hacerlo. Ten\u00eda un compa\u00f1ero espectacular y muy generoso, como Juan Minuj\u00edn que propon\u00eda mucho. Entonces era muy f\u00e1cil de trabajar. Tambi\u00e9n trabaj\u00e9 junto a Luis Mach\u00edn y Juan Sorini. La verdad, un equipo de primera.<\/p>\n<p><strong>\u00bfQU\u00c9 PROYECTO TE QUIT\u00d3 EL SUE\u00d1O?<\/strong><\/p>\n<p>El bailando fue muy intenso. Yo estaba haciendo una tira en Pol-Ka y bueno, estuve un poco desbordado. Pero \u00a1la profesi\u00f3n es muy linda!<\/p>\n\r\n\t\t<style type='text\/css'>\r\n\t\t\t#gallery-2 {\r\n\t\t\t\tmargin: auto;\r\n\t\t\t}\r\n\t\t\t#gallery-2 .gallery-item {\r\n\t\t\t\tfloat: left;\r\n\t\t\t\tmargin-top: 10px;\r\n\t\t\t\ttext-align: center;\r\n\t\t\t\twidth: 50%;\r\n\t\t\t}\r\n\t\t\t#gallery-2 img {\r\n\t\t\t\tborder: 2px solid #cfcfcf;\r\n\t\t\t}\r\n\t\t\t#gallery-2 .gallery-caption {\r\n\t\t\t\tmargin-left: 0;\r\n\t\t\t}\r\n\t\t<\/style>\r\n\t\t<!-- see gallery_shortcode() in wp-includes\/media.php -->\n\t\t<div id='gallery-2' class='gallery galleryid-11397 gallery-columns-2 gallery-size-full gallery1'><script type=\"text\/javascript\">\r\n\/\/ <![CDATA[\r\n\tjQuery(document).ready(function () {\r\n\t\tjQuery(\".gallery1 a\").attr(\"rel\",\"gallery1\");\t\r\n\t\tjQuery('a[rel=\"gallery1\"]').colorbox({maxWidth:\"95%\", maxHeight:\"95%\",title: function(){ return jQuery(this).children().attr(\"alt\"); }, });\r\n\t});\r\n\/\/ ]]>\r\n<\/script>\n<dl class=\"gallery-item\">\n<dt class=\"gallery-icon\">\r\n<a href=\"https:\/\/www.lasrosas.com.ar\/portal\/wp-content\/uploads\/BENJA-3.jpg\" title=\"\" rel=\"gallery1\"><img decoding=\"async\" data-src=\"https:\/\/www.lasrosas.com.ar\/portal\/wp-content\/uploads\/BENJA-3.jpg\" width=\"964\" height=\"1444\" alt=\"\" src=\"data:image\/svg+xml;base64,PHN2ZyB3aWR0aD0iMSIgaGVpZ2h0PSIxIiB4bWxucz0iaHR0cDovL3d3dy53My5vcmcvMjAwMC9zdmciPjwvc3ZnPg==\" class=\"lazyload\" style=\"--smush-placeholder-width: 964px; --smush-placeholder-aspect-ratio: 964\/1444;\" \/><\/a>\r\n<\/dt><\/dl><dl class=\"gallery-item\">\n<dt class=\"gallery-icon\">\r\n<a href=\"https:\/\/www.lasrosas.com.ar\/portal\/wp-content\/uploads\/BENJA-4.jpg\" title=\"\" rel=\"gallery1\"><img decoding=\"async\" data-src=\"https:\/\/www.lasrosas.com.ar\/portal\/wp-content\/uploads\/BENJA-4.jpg\" width=\"964\" height=\"1444\" alt=\"\" src=\"data:image\/svg+xml;base64,PHN2ZyB3aWR0aD0iMSIgaGVpZ2h0PSIxIiB4bWxucz0iaHR0cDovL3d3dy53My5vcmcvMjAwMC9zdmciPjwvc3ZnPg==\" class=\"lazyload\" style=\"--smush-placeholder-width: 964px; --smush-placeholder-aspect-ratio: 964\/1444;\" \/><\/a>\r\n<\/dt><\/dl><br style=\"clear: both\" \/>\r\n\t\t<\/div>\n\n<p><strong>\u00bfPARA QU\u00c9 MARCA TE GUSTAR\u00cdA MODELAR?<\/strong><\/p>\n<p>No tengo nada en mente, alguna marca internacional. Me gustan las campa\u00f1as m\u00e1s divertidas, expresivas, cuando puedo contar algo m\u00e1s que modelar en s\u00ed.<\/p>\n<p><strong>DESPU\u00c9S DEL FLECHAZO INICIAL, \u00bfC\u00d3MO VIVEN SU AMOR CON JULIA?<\/strong><\/p>\n<p>La verdad que muy bien, muy contentos. No fue un v\u00ednculo que arranc\u00f3 como un flechazo. Fue algo que se fue construyendo con mucho tiempo, cari\u00f1o, amor, escucha y comunicaci\u00f3n. Con esos pilares y esos cimientos, la relaci\u00f3n se va volviendo algo cada vez m\u00e1s s\u00f3lido, m\u00e1s lindo y libre. No siento las t\u00edpicas ataduras de cuando uno est\u00e1 de novio.<\/p>\n<p><strong>\u00bfQU\u00c9 PASI\u00d3N DE A\u00d1OS ATR\u00c1S CAMBIASTE?<\/strong><\/p>\n<p>La pintura fue un lado m\u00edo que realmente me hace muy bien y durante mucho tiempo no le pude dar m\u00e1s energ\u00eda. Por suerte, a principios de este a\u00f1o pude encontrar un momento para darle a eso. Por suerte, tengo pasiones que las sigo haciendo. A medida que uno crece, es importante usar el tiempo en lo que m\u00e1s le rinde. La vida se trata de eso, en lo que uno invierte el tiempo.<\/p>\n<p><strong>\u00bfLES INFLUYE EN EL AMOR LA DIFERENCIA DE EDAD?<\/strong><\/p>\n<p>Nadie nos dice nada de la diferencia de edad, no considero que sea mucha. Mis pap\u00e1s se llevan 12 a\u00f1os y nosotros 11. Es el modelo de familia con el que me cri\u00e9. No me genera para nada ruido. Es algo muy sencillo, muy tranquilo y f\u00e1cil de disfrutar.<\/p>\n\r\n\t\t<style type='text\/css'>\r\n\t\t\t#gallery-3 {\r\n\t\t\t\tmargin: auto;\r\n\t\t\t}\r\n\t\t\t#gallery-3 .gallery-item {\r\n\t\t\t\tfloat: left;\r\n\t\t\t\tmargin-top: 10px;\r\n\t\t\t\ttext-align: center;\r\n\t\t\t\twidth: 50%;\r\n\t\t\t}\r\n\t\t\t#gallery-3 img {\r\n\t\t\t\tborder: 2px solid #cfcfcf;\r\n\t\t\t}\r\n\t\t\t#gallery-3 .gallery-caption {\r\n\t\t\t\tmargin-left: 0;\r\n\t\t\t}\r\n\t\t<\/style>\r\n\t\t<!-- see gallery_shortcode() in wp-includes\/media.php -->\n\t\t<div id='gallery-3' class='gallery galleryid-11397 gallery-columns-2 gallery-size-full gallery1'><script type=\"text\/javascript\">\r\n\/\/ <![CDATA[\r\n\tjQuery(document).ready(function () {\r\n\t\tjQuery(\".gallery1 a\").attr(\"rel\",\"gallery1\");\t\r\n\t\tjQuery('a[rel=\"gallery1\"]').colorbox({maxWidth:\"95%\", maxHeight:\"95%\",title: function(){ return jQuery(this).children().attr(\"alt\"); }, });\r\n\t});\r\n\/\/ ]]>\r\n<\/script>\n<dl class=\"gallery-item\">\n<dt class=\"gallery-icon\">\r\n<a href=\"https:\/\/www.lasrosas.com.ar\/portal\/wp-content\/uploads\/181116_0233.jpg\" title=\"\" rel=\"gallery1\"><img decoding=\"async\" data-src=\"https:\/\/www.lasrosas.com.ar\/portal\/wp-content\/uploads\/181116_0233.jpg\" width=\"887\" height=\"1328\" alt=\"\" src=\"data:image\/svg+xml;base64,PHN2ZyB3aWR0aD0iMSIgaGVpZ2h0PSIxIiB4bWxucz0iaHR0cDovL3d3dy53My5vcmcvMjAwMC9zdmciPjwvc3ZnPg==\" class=\"lazyload\" style=\"--smush-placeholder-width: 887px; --smush-placeholder-aspect-ratio: 887\/1328;\" \/><\/a>\r\n<\/dt><\/dl><dl class=\"gallery-item\">\n<dt class=\"gallery-icon\">\r\n<a href=\"https:\/\/www.lasrosas.com.ar\/portal\/wp-content\/uploads\/BENJA-7.jpg\" title=\"\" rel=\"gallery1\"><img decoding=\"async\" data-src=\"https:\/\/www.lasrosas.com.ar\/portal\/wp-content\/uploads\/BENJA-7.jpg\" width=\"964\" height=\"1444\" alt=\"\" src=\"data:image\/svg+xml;base64,PHN2ZyB3aWR0aD0iMSIgaGVpZ2h0PSIxIiB4bWxucz0iaHR0cDovL3d3dy53My5vcmcvMjAwMC9zdmciPjwvc3ZnPg==\" class=\"lazyload\" style=\"--smush-placeholder-width: 964px; --smush-placeholder-aspect-ratio: 964\/1444;\" \/><\/a>\r\n<\/dt><\/dl><br style=\"clear: both\" \/>\r\n\t\t<\/div>\n\n<h3><strong>#ELEGIDOSPORBENJA<\/strong><\/h3>\n<p><strong>UN SUE\u00d1O CUMPLIDO<\/strong><br \/>\nHaber hecho cine y haber grabado historia de un clan, una miniserie tan prestigiosa y sobre todo, me atra\u00eda hacer algo de \u00e9poca. Me gener\u00f3 mucha autorrealizaci\u00f3n.<\/p>\n<p><strong>UN AMOR INFINITO<\/strong><br \/>\nEl surf, el amor por lo que uno hace, la actuaci\u00f3n, la familia y amigos, tu pareja.<\/p>\n<p><strong>UNA MASCOTA<\/strong><br \/>\nBenito, un perro que tuve 15 a\u00f1os, un labrado divino, s\u00faper inteligente, muy humano, un personaje.<\/p>\n<p><strong>TU MIEDO M\u00c1S GRANDE<\/strong><br \/>\nComo actor, la exposici\u00f3n, la opini\u00f3n p\u00fablica y alejarse de la esencia de uno. Dejar de ser lo que uno es y perder la chispa y la frescura. Creo que tomando buenas decisiones, los cambios siempre son positivos.<\/p>\n<p><strong>UN AMIGO<\/strong><br \/>\nNicol\u00e1s \u00abel negro\u00bb Ib\u00e1\u00f1ez, es un gran amigo, me acompa\u00f1\u00f3 desde el principio, incluso en mis shows de stand up donde nadie se re\u00eda. Y Rodrigo Garc\u00eda Esquetino me acompa\u00f1\u00f3 m\u00e1s desde la actuaci\u00f3n, siempre tuve su voto de confianza y consejos para la vida.<\/p>\n<p><strong>UN VIAJE PARA EL OLVIDO<\/strong><br \/>\nNinguno, me parece que todos los viajes fluyen y se disfrutan. Como Costa Rica cuando ten\u00eda 25 a\u00f1os, sin un peso, sin embargo todo sali\u00f3 de 10. Pero hay viajes donde nada fluye, pero bueno siempre que llueve despu\u00e9s sale el sol. Siempre uno aprende a atravesarlas. Se trata de aprender de los momentos no tan agradables y lo grato, disfrutar.<\/p>\n<p><strong>UN ARMA DE SEDUCCI\u00d3N<\/strong><br \/>\nCreo que la transparencia, la verdad, ser genuino y la empat\u00eda. No subirse a ning\u00fan caballo, ir con curiosidad, frescura me tuvo buenas respuestas a nivel relaciones humanas.<\/p>\n<p><strong>UNA MENTIRA<\/strong><br \/>\nA los 15 le rob\u00e9 el auto a mi mam\u00e1, lo necesitaba atravesar ese nivel de picard\u00eda. Se lo negu\u00e9 como 3 veces y me explic\u00f3 el valor de la verdad. Desde ese d\u00eda, me marc\u00f3 e intento serme fiel a mi mismo y tomar decisiones con lo que pienso, siento y hago. No uso mentira. Cuando uno miente, esconde y no tengo nada que esconder.<\/p>\n<!-- AddThis Advanced Settings generic via filter on the_content --><!-- AddThis Share Buttons generic via filter on the_content -->","protected":false},"excerpt":{"rendered":"<p>Por Macarena Magnano @maca_magnano Fotos: Jorge Aragon @jorgearagonphoto Hace poco Benjam\u00edn comparti\u00f3 a trav\u00e9s de su instagram que estaba en pareja con Julieta Zanetti, una modelo de 22 a\u00f1os \u00a1y est\u00e1n s\u00faper enamorados! Entrevistamos al actor de Mi hermano es un clon, Educando a Nina, Yo, Potro y Quiero vivir a tu lado para que [&hellip;]<!-- AddThis Advanced Settings generic via filter on get_the_excerpt --><!-- AddThis Share Buttons generic via filter on get_the_excerpt --><\/p>\n","protected":false},"author":6,"featured_media":11398,"comment_status":"closed","ping_status":"open","sticky":false,"template":"","format":"standard","meta":{"_acf_changed":false,"om_disable_all_campaigns":false,"_monsterinsights_skip_tracking":false,"_monsterinsights_sitenote_active":false,"_monsterinsights_sitenote_note":"","_monsterinsights_sitenote_category":0,"_uf_show_specific_survey":0,"_uf_disable_surveys":false,"footnotes":""},"categories":[234,100],"tags":[],"class_list":["post-11397","post","type-post","status-publish","format-standard","has-post-thumbnail","hentry","category-trend","category-noticias"],"acf":[],"aioseo_notices":[],"_links":{"self":[{"href":"https:\/\/www.lasrosas.com.ar\/portal\/wp-json\/wp\/v2\/posts\/11397","targetHints":{"allow":["GET"]}}],"collection":[{"href":"https:\/\/www.lasrosas.com.ar\/portal\/wp-json\/wp\/v2\/posts"}],"about":[{"href":"https:\/\/www.lasrosas.com.ar\/portal\/wp-json\/wp\/v2\/types\/post"}],"author":[{"embeddable":true,"href":"https:\/\/www.lasrosas.com.ar\/portal\/wp-json\/wp\/v2\/users\/6"}],"replies":[{"embeddable":true,"href":"https:\/\/www.lasrosas.com.ar\/portal\/wp-json\/wp\/v2\/comments?post=11397"}],"version-history":[{"count":0,"href":"https:\/\/www.lasrosas.com.ar\/portal\/wp-json\/wp\/v2\/posts\/11397\/revisions"}],"wp:featuredmedia":[{"embeddable":true,"href":"https:\/\/www.lasrosas.com.ar\/portal\/wp-json\/wp\/v2\/media\/11398"}],"wp:attachment":[{"href":"https:\/\/www.lasrosas.com.ar\/portal\/wp-json\/wp\/v2\/media?parent=11397"}],"wp:term":[{"taxonomy":"category","embeddable":true,"href":"https:\/\/www.lasrosas.com.ar\/portal\/wp-json\/wp\/v2\/categories?post=11397"},{"taxonomy":"post_tag","embeddable":true,"href":"https:\/\/www.lasrosas.com.ar\/portal\/wp-json\/wp\/v2\/tags?post=11397"}],"curies":[{"name":"wp","href":"https:\/\/api.w.org\/{rel}","templated":true}]}}