{"id":11392,"date":"2019-01-18T14:26:28","date_gmt":"2019-01-18T17:26:28","guid":{"rendered":"https:\/\/www.lasrosas.com.ar\/portal\/?p=11392"},"modified":"2019-01-18T14:26:28","modified_gmt":"2019-01-18T17:26:28","slug":"art-basel-miami-2018-miami-art-week","status":"publish","type":"post","link":"https:\/\/www.lasrosas.com.ar\/portal\/art-basel-miami-2018-miami-art-week\/","title":{"rendered":"ART BASEL MIAMI 2018 &#038; MIAMI ART WEEK"},"content":{"rendered":"<p style=\"text-align: right;\"><strong>Por Mar\u00eda Bel\u00e9n Wonda<\/strong><\/p>\n<h3><strong>Se celebr\u00f3 la 17 edici\u00f3n de la feria de arte contempor\u00e1neo m\u00e1s importante e influyente que se realiza en los Estados Unidos y, a la vez de todo Am\u00e9rica. Art Basel Miami Beach es una r\u00e9plica de sus ediciones en Hong Kong y Basel, que re\u00fane bajo un mismo techo m\u00e1s de 250 galer\u00edas premium de 33 pa\u00edses para que el p\u00fablico pueda ver las obras que m\u00e1s de 4.000 artistas hacen hoy el porvenir en pintura, escultura, instalaciones, fotograf\u00eda y disciplinas audiovisuales.<\/strong><\/h3>\n<p>Alrededor de esta feria que se realiza del 6 al 9 de diciembre en el <strong>Centro de Convenciones<\/strong> de <strong>Miami Beach<\/strong>, la <strong>Semana del Arte de Miami<\/strong> ofrece otras ferias valiosas tales como <strong>Pinta Miami<\/strong> organizada por <strong>Diego Costa Peuser<\/strong> donde el Consulado Argentino present\u00f3 su respaldo al <strong>Arte Argentino en Miami<\/strong>, una feria imperdible, junto a<strong> Art Miami, Scoope, Pulse<\/strong>, entre otras.<\/p>\n<p>Decenas de miles de artistas, propietarios de galer\u00edas, coleccionistas de arte, celebridades y asistentes a la escena descendieron a <strong>Miami para Art Basel Miami Beach<\/strong>, la etapa norteamericana de la famosa feria de arte suiza, conocida por el lujo, las fiestas, y por la asistencia de coleccionistas adinerados no solo de Am\u00e9rica del Norte y del Sur, sino tambi\u00e9n de los coleccionistas europeos que buscan escapar del fr\u00edo.<\/p>\n<p><strong><em>\u201cSin dudas en lo personal como galerista y curadora, es un sue\u00f1o poder asistir a lo que es la fiesta del arte, y acompa\u00f1ada LAS ROSAS&#8230;.\u00bb<\/em><\/strong><\/p>\n\r\n\t\t<style type='text\/css'>\r\n\t\t\t#gallery-1 {\r\n\t\t\t\tmargin: auto;\r\n\t\t\t}\r\n\t\t\t#gallery-1 .gallery-item {\r\n\t\t\t\tfloat: left;\r\n\t\t\t\tmargin-top: 10px;\r\n\t\t\t\ttext-align: center;\r\n\t\t\t\twidth: 50%;\r\n\t\t\t}\r\n\t\t\t#gallery-1 img {\r\n\t\t\t\tborder: 2px solid #cfcfcf;\r\n\t\t\t}\r\n\t\t\t#gallery-1 .gallery-caption {\r\n\t\t\t\tmargin-left: 0;\r\n\t\t\t}\r\n\t\t<\/style>\r\n\t\t<!-- see gallery_shortcode() in wp-includes\/media.php -->\n\t\t<div id='gallery-1' class='gallery galleryid-11392 gallery-columns-2 gallery-size-full gallery1'><script type=\"text\/javascript\">\r\n\/\/ <![CDATA[\r\n\tjQuery(document).ready(function () {\r\n\t\tjQuery(\".gallery1 a\").attr(\"rel\",\"gallery1\");\t\r\n\t\tjQuery('a[rel=\"gallery1\"]').colorbox({maxWidth:\"95%\", maxHeight:\"95%\",title: function(){ return jQuery(this).children().attr(\"alt\"); }, });\r\n\t});\r\n\/\/ ]]>\r\n<\/script>\n<dl class=\"gallery-item\">\n<dt class=\"gallery-icon\">\r\n<a href=\"https:\/\/www.lasrosas.com.ar\/portal\/wp-content\/uploads\/20181207_191236-1440x1920.jpg\" title=\"\" rel=\"gallery1\"><img decoding=\"async\" data-src=\"https:\/\/www.lasrosas.com.ar\/portal\/wp-content\/uploads\/20181207_191236.jpg\" width=\"3024\" height=\"4032\" alt=\"\" src=\"data:image\/svg+xml;base64,PHN2ZyB3aWR0aD0iMSIgaGVpZ2h0PSIxIiB4bWxucz0iaHR0cDovL3d3dy53My5vcmcvMjAwMC9zdmciPjwvc3ZnPg==\" class=\"lazyload\" style=\"--smush-placeholder-width: 3024px; --smush-placeholder-aspect-ratio: 3024\/4032;\" \/><\/a>\r\n<\/dt><\/dl><dl class=\"gallery-item\">\n<dt class=\"gallery-icon\">\r\n<a href=\"https:\/\/www.lasrosas.com.ar\/portal\/wp-content\/uploads\/20181207_181731-1597x1920.jpg\" title=\"\" rel=\"gallery1\"><img decoding=\"async\" data-src=\"https:\/\/www.lasrosas.com.ar\/portal\/wp-content\/uploads\/20181207_181731.jpg\" width=\"2947\" height=\"3542\" alt=\"\" src=\"data:image\/svg+xml;base64,PHN2ZyB3aWR0aD0iMSIgaGVpZ2h0PSIxIiB4bWxucz0iaHR0cDovL3d3dy53My5vcmcvMjAwMC9zdmciPjwvc3ZnPg==\" class=\"lazyload\" style=\"--smush-placeholder-width: 2947px; --smush-placeholder-aspect-ratio: 2947\/3542;\" \/><\/a>\r\n<\/dt><\/dl><br style=\"clear: both\" \/>\r\n\t\t<\/div>\n\n<!-- AddThis Advanced Settings generic via filter on the_content --><!-- AddThis Share Buttons generic via filter on the_content -->","protected":false},"excerpt":{"rendered":"<p>Por Mar\u00eda Bel\u00e9n Wonda Se celebr\u00f3 la 17 edici\u00f3n de la feria de arte contempor\u00e1neo m\u00e1s importante e influyente que se realiza en los Estados Unidos y, a la vez de todo Am\u00e9rica. Art Basel Miami Beach es una r\u00e9plica de sus ediciones en Hong Kong y Basel, que re\u00fane bajo un mismo techo m\u00e1s [&hellip;]<!-- AddThis Advanced Settings generic via filter on get_the_excerpt --><!-- AddThis Share Buttons generic via filter on get_the_excerpt --><\/p>\n","protected":false},"author":6,"featured_media":11395,"comment_status":"closed","ping_status":"open","sticky":false,"template":"","format":"standard","meta":{"_acf_changed":false,"om_disable_all_campaigns":false,"_monsterinsights_skip_tracking":false,"_monsterinsights_sitenote_active":false,"_monsterinsights_sitenote_note":"","_monsterinsights_sitenote_category":0,"_uf_show_specific_survey":0,"_uf_disable_surveys":false,"footnotes":""},"categories":[31],"tags":[],"class_list":["post-11392","post","type-post","status-publish","format-standard","has-post-thumbnail","hentry","category-arquitectura-decoracion"],"acf":[],"aioseo_notices":[],"_links":{"self":[{"href":"https:\/\/www.lasrosas.com.ar\/portal\/wp-json\/wp\/v2\/posts\/11392","targetHints":{"allow":["GET"]}}],"collection":[{"href":"https:\/\/www.lasrosas.com.ar\/portal\/wp-json\/wp\/v2\/posts"}],"about":[{"href":"https:\/\/www.lasrosas.com.ar\/portal\/wp-json\/wp\/v2\/types\/post"}],"author":[{"embeddable":true,"href":"https:\/\/www.lasrosas.com.ar\/portal\/wp-json\/wp\/v2\/users\/6"}],"replies":[{"embeddable":true,"href":"https:\/\/www.lasrosas.com.ar\/portal\/wp-json\/wp\/v2\/comments?post=11392"}],"version-history":[{"count":0,"href":"https:\/\/www.lasrosas.com.ar\/portal\/wp-json\/wp\/v2\/posts\/11392\/revisions"}],"wp:featuredmedia":[{"embeddable":true,"href":"https:\/\/www.lasrosas.com.ar\/portal\/wp-json\/wp\/v2\/media\/11395"}],"wp:attachment":[{"href":"https:\/\/www.lasrosas.com.ar\/portal\/wp-json\/wp\/v2\/media?parent=11392"}],"wp:term":[{"taxonomy":"category","embeddable":true,"href":"https:\/\/www.lasrosas.com.ar\/portal\/wp-json\/wp\/v2\/categories?post=11392"},{"taxonomy":"post_tag","embeddable":true,"href":"https:\/\/www.lasrosas.com.ar\/portal\/wp-json\/wp\/v2\/tags?post=11392"}],"curies":[{"name":"wp","href":"https:\/\/api.w.org\/{rel}","templated":true}]}}