{"id":11313,"date":"2019-01-16T15:19:55","date_gmt":"2019-01-16T18:19:55","guid":{"rendered":"https:\/\/www.lasrosas.com.ar\/portal\/?p=11313"},"modified":"2019-07-05T16:48:16","modified_gmt":"2019-07-05T19:48:16","slug":"el-arte-y-la-naturaleza","status":"publish","type":"post","link":"https:\/\/www.lasrosas.com.ar\/portal\/el-arte-y-la-naturaleza\/","title":{"rendered":"EL ARTE Y LA NATURALEZA"},"content":{"rendered":"<p style=\"text-align: right;\"><strong>POR ARQ. CLAUDIA FAENA<\/strong><br \/>\n<strong>CLAUDIA FAENA STUDIO<\/strong><\/p>\n<h3><strong>El hombre siempre se sinti\u00f3 intrigado por la naturaleza. Sus ojos se centraron en el horizonte, la tierra y el cielo. El verde y el azul y una l\u00ednea que lo divide. El azul cielo y el azul mar y otra l\u00ednea en el medio. Esa l\u00ednea puede ser\u00e1 derecha o con movimientos. Puede estar interrumpida por un bosque o una ciudad, pero siempre tendr\u00e1 de fondo el sonido, el perfume y los colores de la naturaleza.<\/strong><\/h3>\n<p><img decoding=\"async\" class=\"alignnone size-full wp-image-11314 lazyload\" data-src=\"https:\/\/www.lasrosas.com.ar\/portal\/wp-content\/uploads\/10-1-1.jpg\" alt=\"\" width=\"852\" height=\"479\" src=\"data:image\/svg+xml;base64,PHN2ZyB3aWR0aD0iMSIgaGVpZ2h0PSIxIiB4bWxucz0iaHR0cDovL3d3dy53My5vcmcvMjAwMC9zdmciPjwvc3ZnPg==\" style=\"--smush-placeholder-width: 852px; --smush-placeholder-aspect-ratio: 852\/479;\" \/><\/p>\n<p>Redefinir estos l\u00edmites es arte. La naturaleza es lo otro lo que no es humano. Lo que me rodea, me estimula y me atrae. Muchos artistas contempor\u00e1neos se ocupan de empujar estos l\u00edmites entre nosotros y la naturaleza: lo otro.<\/p>\n<p>Podemos nombrar a <strong>Joseph Voys<\/strong>, trabaja en la Alemania de posguerra, es una especie de cham\u00e1n elegante que propuso replantar la ciudad de <strong>Kasel<\/strong>, destruida en la segunda guerra mundial. Tira 700 rocas en las plazas de<strong> Kasel<\/strong>, <a href=\"https:\/\/comoquitar.site\">para quitar<\/a> una roca ten\u00edas que plantar un \u00e1rbol. De esta forma convirti\u00f3 a cada ser humano en un artista. Redefini\u00f3 los l\u00edmites de lo que es arte . El arte ocurre. Es una experiencia colectiva. Es humanidad creativa.<\/p>\n<p>Otro artista que trabaja con la naturaleza con su <strong>Land Art es Christo+ Jeanne Claude<\/strong>. Las im\u00e1genes del <strong>Pont Neuf<\/strong> cubiertos por telas est\u00e1n siempre en nuestra\u00a0memoria. Como los \u00e1rboles envueltos o el camino de pancartas color azafr\u00e1n en el <strong>Central Park de New York<\/strong> , o la inmensa pared hecha en tela en <strong>Sonoma, California<\/strong> entre tantas obras.<\/p>\n<p>En Sudam\u00e9rica podemos encontrar a <strong>Alberto Varalla<\/strong>, colombiana y sus exquisitos herbarios de plantas artificiales.<\/p>\n<p>Por otro lado est\u00e1 <strong>Richard Long<\/strong>, un artista m\u00e1s espiritual, cuya obra se centra en l\u00edneas de piedras en el <strong>Himalaya.<\/strong><\/p>\n<p><strong>Mark Dion, en Seattle<\/strong>, toma un \u00e1rbol muerto y lo vuelve vivo a trav\u00e9s de plantarle semillas en su tronco que nacen y viven a partir de \u00e9l. Demuestra que no hay noci\u00f3n de muerte en la naturaleza. S\u00f3lo hay muerte en la visi\u00f3n de lo individual.<\/p>\n<!-- AddThis Advanced Settings generic via filter on the_content --><!-- AddThis Share Buttons generic via filter on the_content -->","protected":false},"excerpt":{"rendered":"<p>POR ARQ. CLAUDIA FAENA CLAUDIA FAENA STUDIO El hombre siempre se sinti\u00f3 intrigado por la naturaleza. Sus ojos se centraron en el horizonte, la tierra y el cielo. El verde y el azul y una l\u00ednea que lo divide. El azul cielo y el azul mar y otra l\u00ednea en el medio. Esa l\u00ednea puede [&hellip;]<!-- AddThis Advanced Settings generic via filter on get_the_excerpt --><!-- AddThis Share Buttons generic via filter on get_the_excerpt --><\/p>\n","protected":false},"author":6,"featured_media":11315,"comment_status":"closed","ping_status":"open","sticky":false,"template":"","format":"standard","meta":{"_acf_changed":false,"om_disable_all_campaigns":false,"_monsterinsights_skip_tracking":false,"_monsterinsights_sitenote_active":false,"_monsterinsights_sitenote_note":"","_monsterinsights_sitenote_category":0,"_uf_show_specific_survey":0,"_uf_disable_surveys":false,"footnotes":""},"categories":[31],"tags":[],"class_list":["post-11313","post","type-post","status-publish","format-standard","has-post-thumbnail","hentry","category-arquitectura-decoracion"],"acf":[],"aioseo_notices":[],"_links":{"self":[{"href":"https:\/\/www.lasrosas.com.ar\/portal\/wp-json\/wp\/v2\/posts\/11313","targetHints":{"allow":["GET"]}}],"collection":[{"href":"https:\/\/www.lasrosas.com.ar\/portal\/wp-json\/wp\/v2\/posts"}],"about":[{"href":"https:\/\/www.lasrosas.com.ar\/portal\/wp-json\/wp\/v2\/types\/post"}],"author":[{"embeddable":true,"href":"https:\/\/www.lasrosas.com.ar\/portal\/wp-json\/wp\/v2\/users\/6"}],"replies":[{"embeddable":true,"href":"https:\/\/www.lasrosas.com.ar\/portal\/wp-json\/wp\/v2\/comments?post=11313"}],"version-history":[{"count":0,"href":"https:\/\/www.lasrosas.com.ar\/portal\/wp-json\/wp\/v2\/posts\/11313\/revisions"}],"wp:featuredmedia":[{"embeddable":true,"href":"https:\/\/www.lasrosas.com.ar\/portal\/wp-json\/wp\/v2\/media\/11315"}],"wp:attachment":[{"href":"https:\/\/www.lasrosas.com.ar\/portal\/wp-json\/wp\/v2\/media?parent=11313"}],"wp:term":[{"taxonomy":"category","embeddable":true,"href":"https:\/\/www.lasrosas.com.ar\/portal\/wp-json\/wp\/v2\/categories?post=11313"},{"taxonomy":"post_tag","embeddable":true,"href":"https:\/\/www.lasrosas.com.ar\/portal\/wp-json\/wp\/v2\/tags?post=11313"}],"curies":[{"name":"wp","href":"https:\/\/api.w.org\/{rel}","templated":true}]}}