{"id":10991,"date":"2019-01-08T16:14:49","date_gmt":"2019-01-08T19:14:49","guid":{"rendered":"https:\/\/www.lasrosas.com.ar\/portal\/?p=10991"},"modified":"2019-01-08T16:14:49","modified_gmt":"2019-01-08T19:14:49","slug":"clinica-diquecito-cumple-73-anos-con-la-mira-puesta-en-el-crecimiento-internacional","status":"publish","type":"post","link":"https:\/\/www.lasrosas.com.ar\/portal\/clinica-diquecito-cumple-73-anos-con-la-mira-puesta-en-el-crecimiento-internacional\/","title":{"rendered":"CL\u00cdNICA DIQUECITO CUMPLE 73 A\u00d1OS, CON LA MIRA PUESTA EN EL CRECIMIENTO INTERNACIONAL"},"content":{"rendered":"<h3 style=\"font-weight: 400;\"><strong>Con instalaciones totalmente renovadas, y el reciente lanzamiento de programas de vanguardia como as\u00ed tambi\u00e9n de planes que han facilitado el acceso por parte de los pacientes a sus tratamientos, Cl\u00ednica Diquecito cumple 73 a\u00f1os de vida ofreciendo servicios m\u00e9dicos de excelencia a la comunidad nacional e internacional, y anticipa un 2019 cargado de sorpresas y novedades.<\/strong><\/h3>\n<p style=\"font-weight: 400;\">La <strong>Cl\u00ednica Diquecito<\/strong> fue fundada el 5 de enero de 1946 por el <strong>Prof. Dr. Pablo Busse Grawitz. <\/strong>Desde entonces, este centro m\u00e9dico de excelencia se posicion\u00f3 como referente regional en el tratamiento de la obesidad y de otras afecciones g\u00e1stricas.<\/p>\n<p style=\"font-weight: 400;\">La instituci\u00f3n especializada en el tratamiento de las llamadas <strong>\u201cafecciones de la postmodernidad\u201d<\/strong> (sobrepeso y obesidad, obesidad infanto-juvenil; estr\u00e9s y \u201cburn out\u201d, adicciones, tabaquismo y otras), cerr\u00f3 un a\u00f1o muy positivo en el que se destac\u00f3 el incremento de pacientes internacionales, atra\u00eddos por las ventajas propias que ofrece <strong>Cl\u00ednica Diquecito<\/strong>, por el fuerte posicionamiento que \u00e9sta ha logrado en la Regi\u00f3n, y por las actuales ventajas cambiarias.<\/p>\n<p style=\"font-weight: 400;\">Uno de los momentos m\u00e1s importantes de la instituci\u00f3n en el \u00faltimo a\u00f1o fue el lanzamiento de su programa \u201c<strong>ADN \u2013 Medicina de Precisi\u00f3n<\/strong>\u201d, que permite personalizar al m\u00e1ximo el tratamiento a partir de la informaci\u00f3n que provee el propio <strong>ADN<\/strong> del paciente, como as\u00ed tambi\u00e9n dise\u00f1ar un plan de alimentaci\u00f3n y h\u00e1bitos de vida que permiten evitar o retrasar la aparici\u00f3n de ciertas enfermedades y\/o tendencia a la ganancia de peso. Este programa \u00fanico en la Regi\u00f3n, refuerza la posici\u00f3n de <strong>Cl\u00ednica Diquecito<\/strong> como instituci\u00f3n vanguardista en el cuidado de la salud.<\/p>\n<p style=\"font-weight: 400;\">Otro de los puntos fuertes ha sido tambi\u00e9n el lanzamiento de planes muy accesibles que han venido a simplificar el acceso de numerosas personas a los servicios m\u00e9dicos de la Cl\u00ednica. Uno de ellos es el \u201cPlan 10\/10\u201d, un sistema de ahorro con pago fragmentado que posibilita congelar el precio del programa pese a la inflaci\u00f3n, gracias a la programaci\u00f3n anticipada.<\/p>\n<p style=\"font-weight: 400;\">Pero adem\u00e1s, la instituci\u00f3n culmin\u00f3 un ambicioso plan de mejora de las instalaciones, iniciado en 2016, el cual ha elevado dr\u00e1sticamente su est\u00e1ndar en t\u00e9rminos hoteleros, ofreciendo a sus hu\u00e9spedes habitaciones y espacios comunes de primer nivel.<\/p>\n<p style=\"font-weight: 400;\">\u201c<em>Estamos muy felices por este nuevo aniversario, y por estar m\u00e1s a la vanguardia que nunca. Como siempre decimos, tener m\u00e1s de siete d\u00e9cadas de vida no es solo un gran logro al que no muchas empresas llegan, sino que tambi\u00e9n nos da un bagage de experiencia que nos permite estar siempre a la delantera<\/em>\u201d, explica <strong>Priscila Busse Grawitz<\/strong>, Gerente General de Cl\u00ednica Diquecito, quien destaca que la clave para esto es \u201c<em>combinar armoniosamente el conocimiento de tantos a\u00f1os, con las nuevas ideas de gente joven que se ha sumado a nuestro equipo y nos ha permitido reinventarnos, no dejar de sorprender, y estar siempre activos y tomando la delantera<\/em>\u201d.<\/p>\n<p style=\"font-weight: 400;\"><strong>Los nuevos desaf\u00edos para este nuevo a\u00f1o<\/strong><\/p>\n<p style=\"font-weight: 400;\">El principal desaf\u00edo es continuar con su posicionamiento internacional, aprovechando las ventajas cambiarias que ofrece actualmente nuestro pa\u00eds, lo cual ha puesto a los servicios de <strong>Cl\u00ednica Diquecito<\/strong> a precios muy competitivos en t\u00e9rminos internacionales.<\/p>\n<p style=\"font-weight: 400;\">\u201c<em>En pocos lugares del mundo se puede acceder a servicios de salud como los nuestros, y a precios tan convenientes como los actuales; es por ello que queremos potenciar esta senda sobre la cual ya venimos trabajando desde hace a\u00f1os, pero que ha ganado un valor diferente desde la segunda quincena del 2018<\/em>\u201d, agrega <strong>Busse grawitz<\/strong>, hija del fundador.<strong>\u00a0<\/strong><\/p>\n<p style=\"font-weight: 400;\"><strong>Datos<\/strong><\/p>\n<p style=\"font-weight: 400;\">Ruta E-55, Km- 13 y \u00bd &#8211; El Diquecito, La Calera (C\u00f3rdoba, Argentina)<br \/>\nTel\u00e9fonos: 0810 444 3438 \u2013 (0351) 5893050 \u2013 (011) 60093050.<br \/>\nE-Mail:\u00a0<a href=\"mailto:info@diquecito.com.ar\">info@diquecito.com.ar<\/a><br \/>\nM\u00e1s detalles en:\u00a0<a href=\"http:\/\/www.diquecito.com.ar\/\" data-saferedirecturl=\"https:\/\/www.google.com\/url?q=http:\/\/www.diquecito.com.ar\/&amp;source=gmail&amp;ust=1547060317562000&amp;usg=AFQjCNHvRPjkldV74J7EFSMmRMjf-Q5fyg\" data-saferedirectreason=\"2\">www.diquecito.com.ar<\/a><\/p>\n<!-- AddThis Advanced Settings generic via filter on the_content --><!-- AddThis Share Buttons generic via filter on the_content -->","protected":false},"excerpt":{"rendered":"<p>Con instalaciones totalmente renovadas, y el reciente lanzamiento de programas de vanguardia como as\u00ed tambi\u00e9n de planes que han facilitado el acceso por parte de los pacientes a sus tratamientos, Cl\u00ednica Diquecito cumple 73 a\u00f1os de vida ofreciendo servicios m\u00e9dicos de excelencia a la comunidad nacional e internacional, y anticipa un 2019 cargado de sorpresas [&hellip;]<!-- AddThis Advanced Settings generic via filter on get_the_excerpt --><!-- AddThis Share Buttons generic via filter on get_the_excerpt --><\/p>\n","protected":false},"author":6,"featured_media":10992,"comment_status":"closed","ping_status":"open","sticky":false,"template":"","format":"standard","meta":{"_acf_changed":false,"om_disable_all_campaigns":false,"_monsterinsights_skip_tracking":false,"_monsterinsights_sitenote_active":false,"_monsterinsights_sitenote_note":"","_monsterinsights_sitenote_category":0,"_uf_show_specific_survey":0,"_uf_disable_surveys":false,"footnotes":""},"categories":[376,234],"tags":[],"class_list":["post-10991","post","type-post","status-publish","format-standard","has-post-thumbnail","hentry","category-lifestyle","category-trend"],"acf":[],"aioseo_notices":[],"_links":{"self":[{"href":"https:\/\/www.lasrosas.com.ar\/portal\/wp-json\/wp\/v2\/posts\/10991","targetHints":{"allow":["GET"]}}],"collection":[{"href":"https:\/\/www.lasrosas.com.ar\/portal\/wp-json\/wp\/v2\/posts"}],"about":[{"href":"https:\/\/www.lasrosas.com.ar\/portal\/wp-json\/wp\/v2\/types\/post"}],"author":[{"embeddable":true,"href":"https:\/\/www.lasrosas.com.ar\/portal\/wp-json\/wp\/v2\/users\/6"}],"replies":[{"embeddable":true,"href":"https:\/\/www.lasrosas.com.ar\/portal\/wp-json\/wp\/v2\/comments?post=10991"}],"version-history":[{"count":0,"href":"https:\/\/www.lasrosas.com.ar\/portal\/wp-json\/wp\/v2\/posts\/10991\/revisions"}],"wp:featuredmedia":[{"embeddable":true,"href":"https:\/\/www.lasrosas.com.ar\/portal\/wp-json\/wp\/v2\/media\/10992"}],"wp:attachment":[{"href":"https:\/\/www.lasrosas.com.ar\/portal\/wp-json\/wp\/v2\/media?parent=10991"}],"wp:term":[{"taxonomy":"category","embeddable":true,"href":"https:\/\/www.lasrosas.com.ar\/portal\/wp-json\/wp\/v2\/categories?post=10991"},{"taxonomy":"post_tag","embeddable":true,"href":"https:\/\/www.lasrosas.com.ar\/portal\/wp-json\/wp\/v2\/tags?post=10991"}],"curies":[{"name":"wp","href":"https:\/\/api.w.org\/{rel}","templated":true}]}}