{"id":10844,"date":"2019-01-02T17:16:04","date_gmt":"2019-01-02T20:16:04","guid":{"rendered":"https:\/\/www.lasrosas.com.ar\/portal\/?p=10844"},"modified":"2019-01-02T17:16:04","modified_gmt":"2019-01-02T20:16:04","slug":"nacio-el-amor-entre-tini-stoessel-y-nacho-viale","status":"publish","type":"post","link":"https:\/\/www.lasrosas.com.ar\/portal\/nacio-el-amor-entre-tini-stoessel-y-nacho-viale\/","title":{"rendered":"\u00bfNACI\u00d3 EL AMOR ENTRE TINI STOESSEL Y NACHO VIALE?"},"content":{"rendered":"<h3><strong>Seg\u00fan los rumores, el productor y la cantante estar\u00edan en pareja hace un mes.\u00a0<\/strong><\/h3>\n<p>A pocos d\u00edas de confirmar su separaci\u00f3n con el actor y modelo espa\u00f1ol <strong>Pepe Barroso Silva<\/strong>,<strong> Tini Stoessel<\/strong> es vinculada a otro hombre y para la sorpresa de todos, no es nadie menos que el productor <strong>Nacho Viale,\u00a0<\/strong>que tambi\u00e9n confirmo su separaci\u00f3n en v\u00edsperas de a\u00f1o nuevo.<\/p>\n<p>La periodista <strong>Susana Roccasalvo<\/strong> en su visita por el programa\u00a0<strong><em>\u00abConfrontados\u00bb<\/em><\/strong> revel\u00f3 la noticia de este nuevo romance.<\/p>\n<p><strong><em>\u00abMe enter\u00e9 el 24 a la noche y\u00a0quiero que sea primicia de este programa.\u00a0Ha nacido el amor, y est\u00e1 confirmado,\u00a0entre el se\u00f1or Nacho Viale y Tini Stoessel.\u00a1Qu\u00e9 pareja! \u00a1Qu\u00e9 fuego!\u00bb <\/em><\/strong>, afirmaba la periodista.<\/p>\n<p>Sin embargo, el nieto de <strong>Mirtha Legrand<\/strong> al ser consultado por el portal de noticias <em>Primicias Ya<\/em>,\u00a0 no confirm\u00f3 y tampoco neg\u00f3 la relaci\u00f3n con la cantante. <strong><em>\u201c\u00a1Ehhhh! Mandale un besito, jajajaja.\u00a0En lo que va del a\u00f1o, repasen los romances que me inventaron. Yo no hablo de mi vida privada nunca, y que\u00a0digan lo que quieran. Estoy de viaje, qu\u00e9 s\u00e9 yo&#8230; todo bien\u00bb.<\/em><\/strong><\/p>\n<p><strong>Tini Stoessel<\/strong> arrib\u00f3 a la ciudad de <strong>Punta del Este<\/strong> el s\u00e1bado para pasar la fiesta de fin de a\u00f1o en la playa. Por su parte, <strong>Nacho Viale<\/strong> ya se encontraba en el lugar junto a sus amigos.<\/p>\n<!-- AddThis Advanced Settings generic via filter on the_content --><!-- AddThis Share Buttons generic via filter on the_content -->","protected":false},"excerpt":{"rendered":"<p>Seg\u00fan los rumores, el productor y la cantante estar\u00edan en pareja hace un mes.\u00a0 A pocos d\u00edas de confirmar su separaci\u00f3n con el actor y modelo espa\u00f1ol Pepe Barroso Silva, Tini Stoessel es vinculada a otro hombre y para la sorpresa de todos, no es nadie menos que el productor Nacho Viale,\u00a0que tambi\u00e9n confirmo su [&hellip;]<!-- AddThis Advanced Settings generic via filter on get_the_excerpt --><!-- AddThis Share Buttons generic via filter on get_the_excerpt --><\/p>\n","protected":false},"author":6,"featured_media":10845,"comment_status":"closed","ping_status":"open","sticky":false,"template":"","format":"standard","meta":{"_acf_changed":false,"om_disable_all_campaigns":false,"_monsterinsights_skip_tracking":false,"_monsterinsights_sitenote_active":false,"_monsterinsights_sitenote_note":"","_monsterinsights_sitenote_category":0,"_uf_show_specific_survey":0,"_uf_disable_surveys":false,"footnotes":""},"categories":[100],"tags":[],"class_list":["post-10844","post","type-post","status-publish","format-standard","has-post-thumbnail","hentry","category-noticias"],"acf":[],"aioseo_notices":[],"_links":{"self":[{"href":"https:\/\/www.lasrosas.com.ar\/portal\/wp-json\/wp\/v2\/posts\/10844","targetHints":{"allow":["GET"]}}],"collection":[{"href":"https:\/\/www.lasrosas.com.ar\/portal\/wp-json\/wp\/v2\/posts"}],"about":[{"href":"https:\/\/www.lasrosas.com.ar\/portal\/wp-json\/wp\/v2\/types\/post"}],"author":[{"embeddable":true,"href":"https:\/\/www.lasrosas.com.ar\/portal\/wp-json\/wp\/v2\/users\/6"}],"replies":[{"embeddable":true,"href":"https:\/\/www.lasrosas.com.ar\/portal\/wp-json\/wp\/v2\/comments?post=10844"}],"version-history":[{"count":0,"href":"https:\/\/www.lasrosas.com.ar\/portal\/wp-json\/wp\/v2\/posts\/10844\/revisions"}],"wp:featuredmedia":[{"embeddable":true,"href":"https:\/\/www.lasrosas.com.ar\/portal\/wp-json\/wp\/v2\/media\/10845"}],"wp:attachment":[{"href":"https:\/\/www.lasrosas.com.ar\/portal\/wp-json\/wp\/v2\/media?parent=10844"}],"wp:term":[{"taxonomy":"category","embeddable":true,"href":"https:\/\/www.lasrosas.com.ar\/portal\/wp-json\/wp\/v2\/categories?post=10844"},{"taxonomy":"post_tag","embeddable":true,"href":"https:\/\/www.lasrosas.com.ar\/portal\/wp-json\/wp\/v2\/tags?post=10844"}],"curies":[{"name":"wp","href":"https:\/\/api.w.org\/{rel}","templated":true}]}}