{"id":10735,"date":"2018-12-27T15:52:26","date_gmt":"2018-12-27T18:52:26","guid":{"rendered":"https:\/\/www.lasrosas.com.ar\/portal\/?p=10735"},"modified":"2018-12-27T15:54:50","modified_gmt":"2018-12-27T18:54:50","slug":"expresionismo-abstracto-y-vanguardias-que-aun-no-se-apagan","status":"publish","type":"post","link":"https:\/\/www.lasrosas.com.ar\/portal\/expresionismo-abstracto-y-vanguardias-que-aun-no-se-apagan\/","title":{"rendered":"EXPRESIONISMO ABSTRACTO Y VANGUARDIAS QUE A\u00daN NO SE APAGAN"},"content":{"rendered":"<h3><strong>(Por Mar\u00eda Bel\u00e9n Wonda)\u00a0Como curadora si quisiera describir el expresionismo abstracto, tres caracter\u00edsticas lo definir\u00eda: lo intuitivo, emocional y vigoroso. Son la t\u00e9cnica mixta, pinceladas, contrastes, color y el action painting lo que definen la riqueza de esta t\u00e9cnica, que marc\u00f3 la vanguardia art\u00edstica del siglo XX y tuvo como referentes tales como Pollock, Rotko, De Kooning, entre otros, y a\u00fan hoy es una t\u00e9cnica con inmensa vigencia.<\/strong><\/h3>\n<p><strong>Rosario Lopez Ercoli<\/strong>, artista de Buenos Aires <strong>(Trenque Lauquen)<\/strong>, nos invita con sus obras a transitar la experiencia de la Pintura como un di\u00e1logo \u00edntimo y c\u00f3mplice entre su naturaleza m\u00e1s \u00edntima, la superficie y su yo.<\/p>\n<p>El vivir entre dos mundos: expresar, sentir, encastrarse, soltarse, dejarse llevar, crear, volar, irse por unos instantes y viajar. En su obra hay una lucha interna entre el caos de la ciudad, del cemento y del disfrute de la naturaleza, del campo, olor a pasto reci\u00e9n cortado.<\/p>\n<p>\u201cSiento como si estuviera desenredando sentimientos cuando pinto, sacando capa por capa esas sensaciones que est\u00e1n tan guardadas que una ya no se acuerda que las ten\u00eda. Los sonidos m\u00e1s primitivos son los que quedan plasmarlos en el lienzo, son mis tesoros los que se plasman.<\/p>\n<p><img decoding=\"async\" class=\"alignnone size-medium wp-image-10739 lazyload\" data-src=\"https:\/\/www.lasrosas.com.ar\/portal\/wp-content\/uploads\/columna-wonda-265-942x960.jpg\" alt=\"\" width=\"942\" height=\"960\" data-srcset=\"https:\/\/www.lasrosas.com.ar\/portal\/wp-content\/uploads\/columna-wonda-265-942x960.jpg 942w, https:\/\/www.lasrosas.com.ar\/portal\/wp-content\/uploads\/columna-wonda-265.jpg 1669w\" data-sizes=\"(max-width: 942px) 100vw, 942px\" src=\"data:image\/svg+xml;base64,PHN2ZyB3aWR0aD0iMSIgaGVpZ2h0PSIxIiB4bWxucz0iaHR0cDovL3d3dy53My5vcmcvMjAwMC9zdmciPjwvc3ZnPg==\" style=\"--smush-placeholder-width: 942px; --smush-placeholder-aspect-ratio: 942\/960;\" \/><\/p>\n<!-- AddThis Advanced Settings generic via filter on the_content --><!-- AddThis Share Buttons generic via filter on the_content -->","protected":false},"excerpt":{"rendered":"<p>(Por Mar\u00eda Bel\u00e9n Wonda)\u00a0Como curadora si quisiera describir el expresionismo abstracto, tres caracter\u00edsticas lo definir\u00eda: lo intuitivo, emocional y vigoroso. Son la t\u00e9cnica mixta, pinceladas, contrastes, color y el action painting lo que definen la riqueza de esta t\u00e9cnica, que marc\u00f3 la vanguardia art\u00edstica del siglo XX y tuvo como referentes tales como Pollock, Rotko, [&hellip;]<!-- AddThis Advanced Settings generic via filter on get_the_excerpt --><!-- AddThis Share Buttons generic via filter on get_the_excerpt --><\/p>\n","protected":false},"author":6,"featured_media":10736,"comment_status":"closed","ping_status":"open","sticky":false,"template":"","format":"standard","meta":{"_acf_changed":false,"om_disable_all_campaigns":false,"_monsterinsights_skip_tracking":false,"_monsterinsights_sitenote_active":false,"_monsterinsights_sitenote_note":"","_monsterinsights_sitenote_category":0,"_uf_show_specific_survey":0,"_uf_disable_surveys":false,"footnotes":""},"categories":[31],"tags":[],"class_list":["post-10735","post","type-post","status-publish","format-standard","has-post-thumbnail","hentry","category-arquitectura-decoracion"],"acf":[],"aioseo_notices":[],"_links":{"self":[{"href":"https:\/\/www.lasrosas.com.ar\/portal\/wp-json\/wp\/v2\/posts\/10735","targetHints":{"allow":["GET"]}}],"collection":[{"href":"https:\/\/www.lasrosas.com.ar\/portal\/wp-json\/wp\/v2\/posts"}],"about":[{"href":"https:\/\/www.lasrosas.com.ar\/portal\/wp-json\/wp\/v2\/types\/post"}],"author":[{"embeddable":true,"href":"https:\/\/www.lasrosas.com.ar\/portal\/wp-json\/wp\/v2\/users\/6"}],"replies":[{"embeddable":true,"href":"https:\/\/www.lasrosas.com.ar\/portal\/wp-json\/wp\/v2\/comments?post=10735"}],"version-history":[{"count":0,"href":"https:\/\/www.lasrosas.com.ar\/portal\/wp-json\/wp\/v2\/posts\/10735\/revisions"}],"wp:featuredmedia":[{"embeddable":true,"href":"https:\/\/www.lasrosas.com.ar\/portal\/wp-json\/wp\/v2\/media\/10736"}],"wp:attachment":[{"href":"https:\/\/www.lasrosas.com.ar\/portal\/wp-json\/wp\/v2\/media?parent=10735"}],"wp:term":[{"taxonomy":"category","embeddable":true,"href":"https:\/\/www.lasrosas.com.ar\/portal\/wp-json\/wp\/v2\/categories?post=10735"},{"taxonomy":"post_tag","embeddable":true,"href":"https:\/\/www.lasrosas.com.ar\/portal\/wp-json\/wp\/v2\/tags?post=10735"}],"curies":[{"name":"wp","href":"https:\/\/api.w.org\/{rel}","templated":true}]}}