{"id":10720,"date":"2018-12-27T15:31:34","date_gmt":"2018-12-27T18:31:34","guid":{"rendered":"https:\/\/www.lasrosas.com.ar\/portal\/?p=10720"},"modified":"2018-12-27T15:31:34","modified_gmt":"2018-12-27T18:31:34","slug":"gonzalo-ramos-de-madrid-al-cine-internacional","status":"publish","type":"post","link":"https:\/\/www.lasrosas.com.ar\/portal\/gonzalo-ramos-de-madrid-al-cine-internacional\/","title":{"rendered":"GONZALO RAMOS : DE MADRID AL CINE INTERNACIONAL"},"content":{"rendered":"<p style=\"text-align: right;\"><strong>Por Macarena Magnano<\/strong><br \/>\n<strong>Fotos:\u00a0Cristian Toma \/\u00a0Paco Navarro.<\/strong><\/p>\n<p>&nbsp;<\/p>\n<h3><strong>El actor espa\u00f1ol part\u00edcipe de F\u00edsica o Qu\u00edmica, estar\u00e1 presente en el film Reflejo y es nuestro entrevistado de la \u00faltima edici\u00f3n del 2018. Conoc\u00e9 c\u00f3mo comenz\u00f3 su carrera y c\u00f3mo fue rodar la pel\u00edcula que se estrenar\u00e1 en 2019, donde lleg\u00f3 a bajar hasta 20 kilos y realiz\u00f3 cambios transformadores en su cuerpo.<\/strong><\/h3>\n<p><strong>\u00bfC\u00f3mo fue tu primer escena?<br \/>\n<\/strong><br \/>\nLo primero que rod\u00e9 en mi vida fue la pel\u00edcula El Guardav\u00edas, un proyecto muy peque\u00f1o, pero que a\u00fan as\u00ed me aterrorizaba al principio al ponerme delante de un equipo de rodaje entero. Fue romper el hielo para m\u00ed, ten\u00eda 14 a\u00f1os, mucho susto, pero mucha ilusi\u00f3n.<\/p>\n<p><strong>\u00bfEl mejor episodio que hayas hecho?<br \/>\n<\/strong><br \/>\n(En F\u00edsica o Qu\u00edmica) Los episodios que abarcaron la trama donde Julio se hac\u00eda neonazi fueron muy intensos e interesantes para trabajar como actor. Hay algo que ayuda mucho al crecimiento personal en ese proceso.<\/p>\n<p><strong>\u00bfC\u00f3mo ser\u00e1 tu papel en Reflejo?<br \/>\n<\/strong><br \/>\nReflejo es sin duda el proyecto en que m\u00e1s pasi\u00f3n y m\u00e1s de m\u00ed he puesto en toda mi vida. Es una pel\u00edcula que nace de la colaboraci\u00f3n m\u00eda con Bogdan Toma (director de la pel\u00edcula) y Cristian Toma (director de fotograf\u00eda de la pel\u00edcula). Los tres hemos estado involucrados en el proyecto desde la ra\u00edz. El personaje que interpreto es Toni, un chico autodestructivo. Cuando realizas una transformaci\u00f3n de este tipo para un personaje, tienes mucho ganado, ya que de alguna forma de has convertido un poco en \u00e9l. Cuando entras al set as\u00ed ya traes mucho y solo hay que dejar que fluyan las cosas al rodar.<\/p>\n<p><strong>\u00bfEl casting m\u00e1s dif\u00edcil?<br \/>\n<\/strong><br \/>\nEl casting de F\u00edsica o Qu\u00edmica. Fueron nueve pruebas, en las que pas\u00e9 por tres personajes diferentes (Julio, Isaac y Cabano) hasta que me dijeron que fue Julio el que har\u00eda, la incertidumbre hasta el final fue dura.<\/p>\n<p><strong>\u00bfQu\u00e9 es lo que m\u00e1s te gusta de tu profesi\u00f3n?<br \/>\n<\/strong><br \/>\nLo que sucede entre \u201cAcci\u00f3n\u201d y \u201cCorta\u201d, es como un trance donde intersectas con otra vida. (\u00a1y los pasteles del catering jajaja!)<\/p>\n<p><strong>\u00bfTu mejor escena en Reflejo?<br \/>\n<\/strong><br \/>\nToni tiene un momento donde por fin recuerda el momento m\u00e1s oscuro de su pasado, que hab\u00eda estado bloqueando en su mente. Lo verbaliza con su terapeuta Paloma, y se desmonta y se rompe, es cuando m\u00e1s vulnerable le vemos. Fue muy potente entrar en ese lugar al rodar esa secuencia.<\/p>\n<p><strong>Si te quedaran 24hs. de vida\u2026 <\/strong>Estar\u00eda con mi familia y crear\u00eda recuerdos de alegr\u00eda.<br \/>\n<strong>Me seduce\u2026 <\/strong>El talento. Y la vida. Vivir.<br \/>\n<strong>Si fueras invisible, estar\u00eda\u2026 <\/strong>En escenarios de todo el mundo viendo a los mejores artistas.<\/p>\n<p><strong>\u00a0Mi pr\u00f3ximo proyecto\u2026 <\/strong>Cine, un thriller psicol\u00f3gico, con el mismo equipo de Reflejo.<\/p>\n<p><img decoding=\"async\" class=\"alignnone size-medium wp-image-10722 lazyload\" data-src=\"https:\/\/www.lasrosas.com.ar\/portal\/wp-content\/uploads\/gonzalo-ramos-1-640x960.jpg\" alt=\"\" width=\"640\" height=\"960\" data-srcset=\"https:\/\/www.lasrosas.com.ar\/portal\/wp-content\/uploads\/gonzalo-ramos-1-640x960.jpg 640w, https:\/\/www.lasrosas.com.ar\/portal\/wp-content\/uploads\/gonzalo-ramos-1.jpg 1182w\" data-sizes=\"(max-width: 640px) 100vw, 640px\" src=\"data:image\/svg+xml;base64,PHN2ZyB3aWR0aD0iMSIgaGVpZ2h0PSIxIiB4bWxucz0iaHR0cDovL3d3dy53My5vcmcvMjAwMC9zdmciPjwvc3ZnPg==\" style=\"--smush-placeholder-width: 640px; --smush-placeholder-aspect-ratio: 640\/960;\" \/><\/p>\n<p><strong>\u00a0<\/strong><\/p>\n<p><strong>\u00a1ELEGIDOS POR GONZALO!<\/strong><\/p>\n<p><strong>\u00a0<\/strong><\/p>\n<p><strong>Una mascota: <\/strong>Mi perro Schmoo, un teckel.<\/p>\n<p><strong>Si no fueras actor, ser\u00edas\u2026 <\/strong>Creo que no podr\u00eda dedicarme a otra cosa.<\/p>\n<p><strong>Una ciudad:<\/strong> Madrid<\/p>\n<p><strong>Un postre: <\/strong>Chocolate fondant bien caliente por dentro con helado de vainilla por encima.<\/p>\n<p><strong>Una serie: <\/strong>Madmen. (y True detective Temporada 1)<\/p>\n<p><strong>Un perfume: <\/strong>Eros, Versace<\/p>\n<p><strong>Un actor: <\/strong>Al Pacino<\/p>\n<p><strong>Un h\u00e9roe: <\/strong>Stallone, cuando escribi\u00f3 Rocky, le ofrecieron comprar su gui\u00f3n, pero \u00e9l se empe\u00f1\u00f3 en hacerla con mucho menos dinero, porque era SU pel\u00edcula. La fortuna favorece a los valientes.<\/p>\n<p><strong>Una cena: <\/strong>Restaurante indio, el curry m\u00e1s picante que haya.<\/p>\n<p><img decoding=\"async\" class=\"alignnone size-medium wp-image-10723 lazyload\" data-src=\"https:\/\/www.lasrosas.com.ar\/portal\/wp-content\/uploads\/gonzalo-ramos-2-534x960.jpg\" alt=\"\" width=\"534\" height=\"960\" data-srcset=\"https:\/\/www.lasrosas.com.ar\/portal\/wp-content\/uploads\/gonzalo-ramos-2-534x960.jpg 534w, https:\/\/www.lasrosas.com.ar\/portal\/wp-content\/uploads\/gonzalo-ramos-2-1068x1920.jpg 1068w, https:\/\/www.lasrosas.com.ar\/portal\/wp-content\/uploads\/gonzalo-ramos-2.jpg 1667w\" data-sizes=\"(max-width: 534px) 100vw, 534px\" src=\"data:image\/svg+xml;base64,PHN2ZyB3aWR0aD0iMSIgaGVpZ2h0PSIxIiB4bWxucz0iaHR0cDovL3d3dy53My5vcmcvMjAwMC9zdmciPjwvc3ZnPg==\" style=\"--smush-placeholder-width: 534px; --smush-placeholder-aspect-ratio: 534\/960;\" \/><\/p>\n<!-- AddThis Advanced Settings generic via filter on the_content --><!-- AddThis Share Buttons generic via filter on the_content -->","protected":false},"excerpt":{"rendered":"<p>Por Macarena Magnano Fotos:\u00a0Cristian Toma \/\u00a0Paco Navarro. &nbsp; El actor espa\u00f1ol part\u00edcipe de F\u00edsica o Qu\u00edmica, estar\u00e1 presente en el film Reflejo y es nuestro entrevistado de la \u00faltima edici\u00f3n del 2018. Conoc\u00e9 c\u00f3mo comenz\u00f3 su carrera y c\u00f3mo fue rodar la pel\u00edcula que se estrenar\u00e1 en 2019, donde lleg\u00f3 a bajar hasta 20 kilos [&hellip;]<!-- AddThis Advanced Settings generic via filter on get_the_excerpt --><!-- AddThis Share Buttons generic via filter on get_the_excerpt --><\/p>\n","protected":false},"author":6,"featured_media":10724,"comment_status":"closed","ping_status":"open","sticky":false,"template":"","format":"standard","meta":{"_acf_changed":false,"om_disable_all_campaigns":false,"_monsterinsights_skip_tracking":false,"_monsterinsights_sitenote_active":false,"_monsterinsights_sitenote_note":"","_monsterinsights_sitenote_category":0,"_uf_show_specific_survey":0,"_uf_disable_surveys":false,"footnotes":""},"categories":[235,234,100],"tags":[],"class_list":["post-10720","post","type-post","status-publish","format-standard","has-post-thumbnail","hentry","category-home","category-trend","category-noticias"],"acf":[],"aioseo_notices":[],"_links":{"self":[{"href":"https:\/\/www.lasrosas.com.ar\/portal\/wp-json\/wp\/v2\/posts\/10720","targetHints":{"allow":["GET"]}}],"collection":[{"href":"https:\/\/www.lasrosas.com.ar\/portal\/wp-json\/wp\/v2\/posts"}],"about":[{"href":"https:\/\/www.lasrosas.com.ar\/portal\/wp-json\/wp\/v2\/types\/post"}],"author":[{"embeddable":true,"href":"https:\/\/www.lasrosas.com.ar\/portal\/wp-json\/wp\/v2\/users\/6"}],"replies":[{"embeddable":true,"href":"https:\/\/www.lasrosas.com.ar\/portal\/wp-json\/wp\/v2\/comments?post=10720"}],"version-history":[{"count":0,"href":"https:\/\/www.lasrosas.com.ar\/portal\/wp-json\/wp\/v2\/posts\/10720\/revisions"}],"wp:featuredmedia":[{"embeddable":true,"href":"https:\/\/www.lasrosas.com.ar\/portal\/wp-json\/wp\/v2\/media\/10724"}],"wp:attachment":[{"href":"https:\/\/www.lasrosas.com.ar\/portal\/wp-json\/wp\/v2\/media?parent=10720"}],"wp:term":[{"taxonomy":"category","embeddable":true,"href":"https:\/\/www.lasrosas.com.ar\/portal\/wp-json\/wp\/v2\/categories?post=10720"},{"taxonomy":"post_tag","embeddable":true,"href":"https:\/\/www.lasrosas.com.ar\/portal\/wp-json\/wp\/v2\/tags?post=10720"}],"curies":[{"name":"wp","href":"https:\/\/api.w.org\/{rel}","templated":true}]}}