{"id":10671,"date":"2018-12-26T16:41:25","date_gmt":"2018-12-26T19:41:25","guid":{"rendered":"https:\/\/www.lasrosas.com.ar\/portal\/?p=10671"},"modified":"2018-12-26T17:22:05","modified_gmt":"2018-12-26T20:22:05","slug":"tini-stoessel-separada-de-pepe-barroso","status":"publish","type":"post","link":"https:\/\/www.lasrosas.com.ar\/portal\/tini-stoessel-separada-de-pepe-barroso\/","title":{"rendered":"TINI STOESSEL SEPARADA DE PEPE BARROSO"},"content":{"rendered":"<h3><strong>La cantante confirm\u00f3 su separaci\u00f3n con el actor espa\u00f1ol, tras reconciliarse en mayo pasado.<\/strong><\/h3>\n<p><strong>Tini Stoessel<\/strong> revel\u00f3 la noticia de su separaci\u00f3n con el actor y modelo espa\u00f1ol <strong>Pepe Barroso Silva<\/strong>. La pareja mantuvo una relaci\u00f3n a la distancia durante dos a\u00f1os.<\/p>\n<p>La cantante ya se hab\u00eda separado del actor en marzo, pero dos meses despu\u00e9s apostaron nuevamente al amor y se reconciliaron.<\/p>\n<p>Sin embargo, su relaci\u00f3n no prosper\u00f3 y <strong>Stoessel<\/strong> confirm\u00f3 nuevamente su separaci\u00f3n a trav\u00e9s de una entrevista con la revista <strong>Gente<\/strong>. <strong><em>\u00abVolvimos a tomar la decisi\u00f3n de poner fin a la relaci\u00f3n, con el amor y el respeto que nos tuvimos siempre. Me acompa\u00f1\u00f3 amorosamente todo el a\u00f1o, y sabe que contaremos el uno con el otro cuando lo necesitemos\u00bb<\/em><\/strong>, revel\u00f3 la artista.<\/p>\n<p><strong>Tini<\/strong> no quiso compartir los motivos de esta decisi\u00f3n,\u00a0<strong><em>\u00abLas razones son muy \u00edntimas. Pero no hubo conflicto. Todo se resolvi\u00f3 tras mucho di\u00e1logo y con todo el cari\u00f1o\u00bb.<\/em><\/strong><\/p>\n<p><img decoding=\"async\" class=\"size-medium wp-image-10672 lazyload\" data-src=\"https:\/\/www.lasrosas.com.ar\/portal\/wp-content\/uploads\/tini-stoessel-1-960x640.jpg\" alt=\"\" width=\"960\" height=\"640\" data-srcset=\"https:\/\/www.lasrosas.com.ar\/portal\/wp-content\/uploads\/tini-stoessel-1-960x640.jpg 960w, https:\/\/www.lasrosas.com.ar\/portal\/wp-content\/uploads\/tini-stoessel-1.jpg 1920w\" data-sizes=\"(max-width: 960px) 100vw, 960px\" src=\"data:image\/svg+xml;base64,PHN2ZyB3aWR0aD0iMSIgaGVpZ2h0PSIxIiB4bWxucz0iaHR0cDovL3d3dy53My5vcmcvMjAwMC9zdmciPjwvc3ZnPg==\" style=\"--smush-placeholder-width: 960px; --smush-placeholder-aspect-ratio: 960\/640;\" \/><\/p>\n<!-- AddThis Advanced Settings generic via filter on the_content --><!-- AddThis Share Buttons generic via filter on the_content -->","protected":false},"excerpt":{"rendered":"<p>La cantante confirm\u00f3 su separaci\u00f3n con el actor espa\u00f1ol, tras reconciliarse en mayo pasado. Tini Stoessel revel\u00f3 la noticia de su separaci\u00f3n con el actor y modelo espa\u00f1ol Pepe Barroso Silva. La pareja mantuvo una relaci\u00f3n a la distancia durante dos a\u00f1os. La cantante ya se hab\u00eda separado del actor en marzo, pero dos meses [&hellip;]<!-- AddThis Advanced Settings generic via filter on get_the_excerpt --><!-- AddThis Share Buttons generic via filter on get_the_excerpt --><\/p>\n","protected":false},"author":6,"featured_media":10673,"comment_status":"closed","ping_status":"open","sticky":false,"template":"","format":"standard","meta":{"_acf_changed":false,"om_disable_all_campaigns":false,"_monsterinsights_skip_tracking":false,"_monsterinsights_sitenote_active":false,"_monsterinsights_sitenote_note":"","_monsterinsights_sitenote_category":0,"_uf_show_specific_survey":0,"_uf_disable_surveys":false,"footnotes":""},"categories":[100],"tags":[],"class_list":["post-10671","post","type-post","status-publish","format-standard","has-post-thumbnail","hentry","category-noticias"],"acf":[],"aioseo_notices":[],"_links":{"self":[{"href":"https:\/\/www.lasrosas.com.ar\/portal\/wp-json\/wp\/v2\/posts\/10671","targetHints":{"allow":["GET"]}}],"collection":[{"href":"https:\/\/www.lasrosas.com.ar\/portal\/wp-json\/wp\/v2\/posts"}],"about":[{"href":"https:\/\/www.lasrosas.com.ar\/portal\/wp-json\/wp\/v2\/types\/post"}],"author":[{"embeddable":true,"href":"https:\/\/www.lasrosas.com.ar\/portal\/wp-json\/wp\/v2\/users\/6"}],"replies":[{"embeddable":true,"href":"https:\/\/www.lasrosas.com.ar\/portal\/wp-json\/wp\/v2\/comments?post=10671"}],"version-history":[{"count":0,"href":"https:\/\/www.lasrosas.com.ar\/portal\/wp-json\/wp\/v2\/posts\/10671\/revisions"}],"wp:featuredmedia":[{"embeddable":true,"href":"https:\/\/www.lasrosas.com.ar\/portal\/wp-json\/wp\/v2\/media\/10673"}],"wp:attachment":[{"href":"https:\/\/www.lasrosas.com.ar\/portal\/wp-json\/wp\/v2\/media?parent=10671"}],"wp:term":[{"taxonomy":"category","embeddable":true,"href":"https:\/\/www.lasrosas.com.ar\/portal\/wp-json\/wp\/v2\/categories?post=10671"},{"taxonomy":"post_tag","embeddable":true,"href":"https:\/\/www.lasrosas.com.ar\/portal\/wp-json\/wp\/v2\/tags?post=10671"}],"curies":[{"name":"wp","href":"https:\/\/api.w.org\/{rel}","templated":true}]}}