{"id":10648,"date":"2018-12-26T15:40:30","date_gmt":"2018-12-26T18:40:30","guid":{"rendered":"https:\/\/www.lasrosas.com.ar\/portal\/?p=10648"},"modified":"2018-12-26T15:40:47","modified_gmt":"2018-12-26T18:40:47","slug":"objetos-nomades-espiritu-pionero","status":"publish","type":"post","link":"https:\/\/www.lasrosas.com.ar\/portal\/objetos-nomades-espiritu-pionero\/","title":{"rendered":"LOUIS VUITTON: OBJETOS N\u00d3MADES, ESP\u00cdRITU PIONERO"},"content":{"rendered":"<p style=\"text-align: right;\"><strong>FOTOS: Grupo Brandy<\/strong><\/p>\n<h3><strong>Louis Vuitton ha dado vida a impresionantes Objetos N\u00f3mades inspirados en viajes, imaginados por algunos de los dise\u00f1adores m\u00e1s reconocidos del mundo.\u00a0Lanzada en 2012, la colecci\u00f3n de Objetos N\u00f3mades de edici\u00f3n limitada rinde homenaje al orden especial.<\/strong><\/h3>\n<p>&nbsp;<\/p>\n<p><img decoding=\"async\" class=\"alignnone size-medium wp-image-10653 lazyload\" data-src=\"https:\/\/www.lasrosas.com.ar\/portal\/wp-content\/uploads\/objeto-luis-vuitton-2-640x960.jpg\" alt=\"\" width=\"640\" height=\"960\" data-srcset=\"https:\/\/www.lasrosas.com.ar\/portal\/wp-content\/uploads\/objeto-luis-vuitton-2-640x960.jpg 640w, https:\/\/www.lasrosas.com.ar\/portal\/wp-content\/uploads\/objeto-luis-vuitton-2-1281x1920.jpg 1281w, https:\/\/www.lasrosas.com.ar\/portal\/wp-content\/uploads\/objeto-luis-vuitton-2.jpg 1410w\" data-sizes=\"(max-width: 640px) 100vw, 640px\" src=\"data:image\/svg+xml;base64,PHN2ZyB3aWR0aD0iMSIgaGVpZ2h0PSIxIiB4bWxucz0iaHR0cDovL3d3dy53My5vcmcvMjAwMC9zdmciPjwvc3ZnPg==\" style=\"--smush-placeholder-width: 640px; --smush-placeholder-aspect-ratio: 640\/960;\" \/><\/p>\n<p><strong>Objetos N\u00f3mades<\/strong><\/p>\n<p>Cada objeto es un encuentro entre un dise\u00f1ador y los artesanos creativos de Louis Vuitton, una mezcla de sus diferentes savoir-faires en una interpretaci\u00f3n imaginativa de la idea del viaje.<\/p>\n<p><img decoding=\"async\" class=\"alignnone size-medium wp-image-10650 lazyload\" data-src=\"https:\/\/www.lasrosas.com.ar\/portal\/wp-content\/uploads\/louis-vuitton-3-960x640.jpg\" alt=\"\" width=\"960\" height=\"640\" data-srcset=\"https:\/\/www.lasrosas.com.ar\/portal\/wp-content\/uploads\/louis-vuitton-3-960x640.jpg 960w, https:\/\/www.lasrosas.com.ar\/portal\/wp-content\/uploads\/louis-vuitton-3.jpg 1871w\" data-sizes=\"(max-width: 960px) 100vw, 960px\" src=\"data:image\/svg+xml;base64,PHN2ZyB3aWR0aD0iMSIgaGVpZ2h0PSIxIiB4bWxucz0iaHR0cDovL3d3dy53My5vcmcvMjAwMC9zdmciPjwvc3ZnPg==\" style=\"--smush-placeholder-width: 960px; --smush-placeholder-aspect-ratio: 960\/640;\" \/><\/p>\n<p><strong>Diamond Screen<\/strong><\/p>\n<p>Pantalla de cuero que representa la mezcla de la herencia y los patrones ic\u00f3nicos de Marcel Wanders y Louis Vuitton. Una soluci\u00f3n ideal para arquitectos y dise\u00f1adores para crear paredes en sus interiores.<\/p>\n<p><img decoding=\"async\" class=\"alignnone size-medium wp-image-10651 lazyload\" data-src=\"https:\/\/www.lasrosas.com.ar\/portal\/wp-content\/uploads\/louis-vuitton-2-720x960.jpg\" alt=\"\" width=\"720\" height=\"960\" data-srcset=\"https:\/\/www.lasrosas.com.ar\/portal\/wp-content\/uploads\/louis-vuitton-2-720x960.jpg 720w, https:\/\/www.lasrosas.com.ar\/portal\/wp-content\/uploads\/louis-vuitton-2.jpg 887w\" data-sizes=\"(max-width: 720px) 100vw, 720px\" src=\"data:image\/svg+xml;base64,PHN2ZyB3aWR0aD0iMSIgaGVpZ2h0PSIxIiB4bWxucz0iaHR0cDovL3d3dy53My5vcmcvMjAwMC9zdmciPjwvc3ZnPg==\" style=\"--smush-placeholder-width: 720px; --smush-placeholder-aspect-ratio: 720\/960;\" \/><\/p>\n<p><strong>Cocoon<\/strong><\/p>\n<p>Creado por los dise\u00f1adores brasileros Fernando &amp; Humberto Campana, el Cocoon es un asiento de columpio con una forma curva forrada con piel de color rojo brillante.<\/p>\n<p><img decoding=\"async\" class=\"alignnone size-medium wp-image-10652 lazyload\" data-src=\"https:\/\/www.lasrosas.com.ar\/portal\/wp-content\/uploads\/louis-vuitton-1-485x960.jpg\" alt=\"\" width=\"485\" height=\"960\" data-srcset=\"https:\/\/www.lasrosas.com.ar\/portal\/wp-content\/uploads\/louis-vuitton-1-485x960.jpg 485w, https:\/\/www.lasrosas.com.ar\/portal\/wp-content\/uploads\/louis-vuitton-1.jpg 632w\" data-sizes=\"(max-width: 485px) 100vw, 485px\" src=\"data:image\/svg+xml;base64,PHN2ZyB3aWR0aD0iMSIgaGVpZ2h0PSIxIiB4bWxucz0iaHR0cDovL3d3dy53My5vcmcvMjAwMC9zdmciPjwvc3ZnPg==\" style=\"--smush-placeholder-width: 485px; --smush-placeholder-aspect-ratio: 485\/960;\" \/><\/p>\n<p><strong>Bell Lamp<\/strong><\/p>\n<p>Una \u201ccampana (bell)\u201c de cristal de Murano esmerilado artesanal rodea una innovadora iluminaci\u00f3n LED con cuatro configuraciones de brillo, mientras que un anillo de silicona en su base permite colocarla en cualquier superficie.<\/p>\n<p>&nbsp;<\/p>\n<p>&nbsp;<\/p>\n<p>&nbsp;<\/p>\n<!-- AddThis Advanced Settings generic via filter on the_content --><!-- AddThis Share Buttons generic via filter on the_content -->","protected":false},"excerpt":{"rendered":"<p>FOTOS: Grupo Brandy Louis Vuitton ha dado vida a impresionantes Objetos N\u00f3mades inspirados en viajes, imaginados por algunos de los dise\u00f1adores m\u00e1s reconocidos del mundo.\u00a0Lanzada en 2012, la colecci\u00f3n de Objetos N\u00f3mades de edici\u00f3n limitada rinde homenaje al orden especial. &nbsp; Objetos N\u00f3mades Cada objeto es un encuentro entre un dise\u00f1ador y los artesanos creativos [&hellip;]<!-- AddThis Advanced Settings generic via filter on get_the_excerpt --><!-- AddThis Share Buttons generic via filter on get_the_excerpt --><\/p>\n","protected":false},"author":6,"featured_media":10649,"comment_status":"closed","ping_status":"open","sticky":false,"template":"","format":"standard","meta":{"_acf_changed":false,"om_disable_all_campaigns":false,"_monsterinsights_skip_tracking":false,"_monsterinsights_sitenote_active":false,"_monsterinsights_sitenote_note":"","_monsterinsights_sitenote_category":0,"_uf_show_specific_survey":0,"_uf_disable_surveys":false,"footnotes":""},"categories":[31],"tags":[],"class_list":["post-10648","post","type-post","status-publish","format-standard","has-post-thumbnail","hentry","category-arquitectura-decoracion"],"acf":[],"aioseo_notices":[],"_links":{"self":[{"href":"https:\/\/www.lasrosas.com.ar\/portal\/wp-json\/wp\/v2\/posts\/10648","targetHints":{"allow":["GET"]}}],"collection":[{"href":"https:\/\/www.lasrosas.com.ar\/portal\/wp-json\/wp\/v2\/posts"}],"about":[{"href":"https:\/\/www.lasrosas.com.ar\/portal\/wp-json\/wp\/v2\/types\/post"}],"author":[{"embeddable":true,"href":"https:\/\/www.lasrosas.com.ar\/portal\/wp-json\/wp\/v2\/users\/6"}],"replies":[{"embeddable":true,"href":"https:\/\/www.lasrosas.com.ar\/portal\/wp-json\/wp\/v2\/comments?post=10648"}],"version-history":[{"count":0,"href":"https:\/\/www.lasrosas.com.ar\/portal\/wp-json\/wp\/v2\/posts\/10648\/revisions"}],"wp:featuredmedia":[{"embeddable":true,"href":"https:\/\/www.lasrosas.com.ar\/portal\/wp-json\/wp\/v2\/media\/10649"}],"wp:attachment":[{"href":"https:\/\/www.lasrosas.com.ar\/portal\/wp-json\/wp\/v2\/media?parent=10648"}],"wp:term":[{"taxonomy":"category","embeddable":true,"href":"https:\/\/www.lasrosas.com.ar\/portal\/wp-json\/wp\/v2\/categories?post=10648"},{"taxonomy":"post_tag","embeddable":true,"href":"https:\/\/www.lasrosas.com.ar\/portal\/wp-json\/wp\/v2\/tags?post=10648"}],"curies":[{"name":"wp","href":"https:\/\/api.w.org\/{rel}","templated":true}]}}