{"id":10567,"date":"2018-12-24T10:00:42","date_gmt":"2018-12-24T13:00:42","guid":{"rendered":"https:\/\/www.lasrosas.com.ar\/portal\/?p=10567"},"modified":"2018-12-21T15:57:06","modified_gmt":"2018-12-21T18:57:06","slug":"pocito-social-life","status":"publish","type":"post","link":"https:\/\/www.lasrosas.com.ar\/portal\/pocito-social-life\/","title":{"rendered":"POCITO SOCIAL LIFE"},"content":{"rendered":"<h3><strong>En el coraz\u00f3n de Nueva C\u00f3rdoba y G\u00fcemes (C\u00f3rdoba), en el distrito joven, nace POCITO Social Life. Un verdadero hito en la ciudad, tanto por su oferta residencial, corporativa y comercial, como por su lenguaje arquitect\u00f3nico. Concebido para quienes desean sociabilizar, acercarse y compartir.<\/strong><\/h3>\n<h3><strong>POCITO RESIDENCIAL<\/strong><\/h3>\n<p>Tres torres de per\u00edmetro libre desde el piso 14 \u00b0 hasta el piso 34 \u00b0. Ingresos jerarquizados desde el interior del Centro Comercial con piscinas y esparcimiento en 5.000 metros cuadrados de terraza verde, con 8 S.U.M en cada rooftop<\/p>\n<p>LOBBY<br \/>\nEl ingreso a las torres se plantea por dentro del Centro Comercial con entrada secundaria desde V\u00e9lez Sarsfield. Palieres jerarquizados de doble altura que brindan seguridad tanto a los habitantes como a los visitantes de las residencias y oficinas.<\/p>\n<p>TERRAZA VERDE<br \/>\n5.000 metros cuadrados con piscinas, espacios verdes, espacios de esparcimiento, zona gym cardio, open sky sitting y 2 Km de paseo Running\/Walking<\/p>\n<p>S.U.M.<br \/>\n8 Salones de Usos M\u00faltiples en los rooftop de cada torre.<\/p>\n<p><img decoding=\"async\" class=\"alignnone size-medium wp-image-10569 lazyload\" data-src=\"https:\/\/www.lasrosas.com.ar\/portal\/wp-content\/uploads\/IMG_4087-960x640.jpg\" alt=\"\" width=\"960\" height=\"640\" data-srcset=\"https:\/\/www.lasrosas.com.ar\/portal\/wp-content\/uploads\/IMG_4087-960x640.jpg 960w, https:\/\/www.lasrosas.com.ar\/portal\/wp-content\/uploads\/IMG_4087.jpg 1444w\" data-sizes=\"(max-width: 960px) 100vw, 960px\" src=\"data:image\/svg+xml;base64,PHN2ZyB3aWR0aD0iMSIgaGVpZ2h0PSIxIiB4bWxucz0iaHR0cDovL3d3dy53My5vcmcvMjAwMC9zdmciPjwvc3ZnPg==\" style=\"--smush-placeholder-width: 960px; --smush-placeholder-aspect-ratio: 960\/640;\" \/><\/p>\n<h3><strong>POCITO MALL\u00a0&amp; PARKING<\/strong><\/h3>\n<p>60.000 metros cuadrados de mall &amp; parking en la confluencia de Nueva C\u00f3rdoba y G\u00fcemes, en el Distrito Joven de la Ciudad.<\/p>\n<p>MALL COMERCIAL<br \/>\n188 locales distribuidos en 3 niveles \u2013 Patio de comida con experiencia Gourmet \u2013 750 lugares de estacionamiento subterr\u00e1neo,<\/p>\n<p>PATIO DE COMIDAS<br \/>\nCon las principales propuestas gastron\u00f3micas y sectores con experiencia Gourmet \u2013 Sectores de sitting al aire libre con vistas a las sierras.<\/p>\n<p><img decoding=\"async\" class=\"alignnone size-medium wp-image-10570 lazyload\" data-src=\"https:\/\/www.lasrosas.com.ar\/portal\/wp-content\/uploads\/IMG_4192-960x634.jpg\" alt=\"\" width=\"960\" height=\"634\" data-srcset=\"https:\/\/www.lasrosas.com.ar\/portal\/wp-content\/uploads\/IMG_4192-960x634.jpg 960w, https:\/\/www.lasrosas.com.ar\/portal\/wp-content\/uploads\/IMG_4192.jpg 1438w\" data-sizes=\"(max-width: 960px) 100vw, 960px\" src=\"data:image\/svg+xml;base64,PHN2ZyB3aWR0aD0iMSIgaGVpZ2h0PSIxIiB4bWxucz0iaHR0cDovL3d3dy53My5vcmcvMjAwMC9zdmciPjwvc3ZnPg==\" style=\"--smush-placeholder-width: 960px; --smush-placeholder-aspect-ratio: 960\/634;\" \/><\/p>\n<h3><strong>POCITO OFICINAS<\/strong><\/h3>\n<p>En los primero 5 niveles de las torres se desarrollar\u00e1n oficinas con plantas libres de 800 metros cuadrados dotando al complejo de 4.000 metros cuadrados de oficinas.<\/p>\n<p><img decoding=\"async\" class=\"alignnone size-medium wp-image-10573 lazyload\" data-src=\"https:\/\/www.lasrosas.com.ar\/portal\/wp-content\/uploads\/IMG_4246-960x720.jpg\" alt=\"\" width=\"960\" height=\"720\" data-srcset=\"https:\/\/www.lasrosas.com.ar\/portal\/wp-content\/uploads\/IMG_4246-960x720.jpg 960w, https:\/\/www.lasrosas.com.ar\/portal\/wp-content\/uploads\/IMG_4246-640x480.jpg 640w, https:\/\/www.lasrosas.com.ar\/portal\/wp-content\/uploads\/IMG_4246.jpg 1156w\" data-sizes=\"(max-width: 960px) 100vw, 960px\" src=\"data:image\/svg+xml;base64,PHN2ZyB3aWR0aD0iMSIgaGVpZ2h0PSIxIiB4bWxucz0iaHR0cDovL3d3dy53My5vcmcvMjAwMC9zdmciPjwvc3ZnPg==\" style=\"--smush-placeholder-width: 960px; --smush-placeholder-aspect-ratio: 960\/720;\" \/><\/p>\n<h3><strong>EL MIX<\/strong><\/h3>\n<p>+56.000 m2 residenciales<br \/>\n+12.000 m2 corporativos<br \/>\n+30.000 m2 mall comercial<br \/>\n+29.000 m2 parking<br \/>\n&#8212;&#8212;&#8212;&#8212;&#8212;&#8212;&#8212;&#8212;&#8212;&#8212;&#8212;&#8211;<br \/>\n127.000 m2 totales<br \/>\n5.000 m2 terraza verde<\/p>\n<p><img decoding=\"async\" class=\"alignnone size-full wp-image-10574 lazyload\" data-src=\"https:\/\/www.lasrosas.com.ar\/portal\/wp-content\/uploads\/IMG_4035.jpg\" alt=\"\" width=\"713\" height=\"535\" data-srcset=\"https:\/\/www.lasrosas.com.ar\/portal\/wp-content\/uploads\/IMG_4035.jpg 713w, https:\/\/www.lasrosas.com.ar\/portal\/wp-content\/uploads\/IMG_4035-640x480.jpg 640w\" data-sizes=\"(max-width: 713px) 100vw, 713px\" src=\"data:image\/svg+xml;base64,PHN2ZyB3aWR0aD0iMSIgaGVpZ2h0PSIxIiB4bWxucz0iaHR0cDovL3d3dy53My5vcmcvMjAwMC9zdmciPjwvc3ZnPg==\" style=\"--smush-placeholder-width: 713px; --smush-placeholder-aspect-ratio: 713\/535;\" \/><\/p>\n<h3><strong>UN NUEVO CONCEPTO DE PROXIMIDAD<\/strong><\/h3>\n<p>Pionero en su tipolog\u00eda, Pocito significa la mejor propuesta de inversi\u00f3n de real estate del interior del pa\u00eds.<br \/>\n&#8211; 945 Departamentos<br \/>\n&#8211; 250 Locales Comerciales<br \/>\n&#8211; 120 Unidades Corporativas<br \/>\n&#8211; 750 Parking<\/p>\n<!-- AddThis Advanced Settings generic via filter on the_content --><!-- AddThis Share Buttons generic via filter on the_content -->","protected":false},"excerpt":{"rendered":"<p>En el coraz\u00f3n de Nueva C\u00f3rdoba y G\u00fcemes (C\u00f3rdoba), en el distrito joven, nace POCITO Social Life. Un verdadero hito en la ciudad, tanto por su oferta residencial, corporativa y comercial, como por su lenguaje arquitect\u00f3nico. Concebido para quienes desean sociabilizar, acercarse y compartir. POCITO RESIDENCIAL Tres torres de per\u00edmetro libre desde el piso 14 [&hellip;]<!-- AddThis Advanced Settings generic via filter on get_the_excerpt --><!-- AddThis Share Buttons generic via filter on get_the_excerpt --><\/p>\n","protected":false},"author":6,"featured_media":10568,"comment_status":"closed","ping_status":"open","sticky":false,"template":"","format":"standard","meta":{"_acf_changed":false,"om_disable_all_campaigns":false,"_monsterinsights_skip_tracking":false,"_monsterinsights_sitenote_active":false,"_monsterinsights_sitenote_note":"","_monsterinsights_sitenote_category":0,"_uf_show_specific_survey":0,"_uf_disable_surveys":false,"footnotes":""},"categories":[240,235,234],"tags":[],"class_list":["post-10567","post","type-post","status-publish","format-standard","has-post-thumbnail","hentry","category-gc1","category-home","category-trend"],"acf":[],"aioseo_notices":[],"_links":{"self":[{"href":"https:\/\/www.lasrosas.com.ar\/portal\/wp-json\/wp\/v2\/posts\/10567","targetHints":{"allow":["GET"]}}],"collection":[{"href":"https:\/\/www.lasrosas.com.ar\/portal\/wp-json\/wp\/v2\/posts"}],"about":[{"href":"https:\/\/www.lasrosas.com.ar\/portal\/wp-json\/wp\/v2\/types\/post"}],"author":[{"embeddable":true,"href":"https:\/\/www.lasrosas.com.ar\/portal\/wp-json\/wp\/v2\/users\/6"}],"replies":[{"embeddable":true,"href":"https:\/\/www.lasrosas.com.ar\/portal\/wp-json\/wp\/v2\/comments?post=10567"}],"version-history":[{"count":0,"href":"https:\/\/www.lasrosas.com.ar\/portal\/wp-json\/wp\/v2\/posts\/10567\/revisions"}],"wp:featuredmedia":[{"embeddable":true,"href":"https:\/\/www.lasrosas.com.ar\/portal\/wp-json\/wp\/v2\/media\/10568"}],"wp:attachment":[{"href":"https:\/\/www.lasrosas.com.ar\/portal\/wp-json\/wp\/v2\/media?parent=10567"}],"wp:term":[{"taxonomy":"category","embeddable":true,"href":"https:\/\/www.lasrosas.com.ar\/portal\/wp-json\/wp\/v2\/categories?post=10567"},{"taxonomy":"post_tag","embeddable":true,"href":"https:\/\/www.lasrosas.com.ar\/portal\/wp-json\/wp\/v2\/tags?post=10567"}],"curies":[{"name":"wp","href":"https:\/\/api.w.org\/{rel}","templated":true}]}}