{"id":10432,"date":"2018-12-19T15:23:36","date_gmt":"2018-12-19T18:23:36","guid":{"rendered":"https:\/\/www.lasrosas.com.ar\/portal\/?p=10432"},"modified":"2018-12-19T15:23:36","modified_gmt":"2018-12-19T18:23:36","slug":"carolina-herrera-invita-a-celebrar-las-fiestas","status":"publish","type":"post","link":"https:\/\/www.lasrosas.com.ar\/portal\/carolina-herrera-invita-a-celebrar-las-fiestas\/","title":{"rendered":"CAROLINA HERRERA INVITA A CELEBRAR LAS FIESTAS"},"content":{"rendered":"<h3><strong>La marca de moda y fragancias marca el inicio de la temporada de fiestas instalando su ic\u00f3nico \u00e1rbol navide\u00f1o bajo la imponente c\u00fapula del Shopping Galer\u00edas Pac\u00edfico. El espacio estar\u00e1 abierto al p\u00fablico y se podr\u00e1 visitar del 18 de noviembre al 6 de enero de 2019 de forma gratuita. \u00a0<\/strong><\/h3>\n<p>La Navidad es una ocasi\u00f3n muy especial para<strong> Carolina Herrera<\/strong> ya que es un momento para celebrar la alegr\u00eda de vivir, los encuentros y el placer de compartir. Este a\u00f1o la Navidad de <strong>Carolina Herrera<\/strong> girar\u00e1 en torno a una tem\u00e1tica muy especial, el<strong><em> Hotel Carolina<\/em><\/strong>, un espacio exclusivo y c\u00e1lido que invita a so\u00f1ar y dejarse seducir por el arte de celebrar.<\/p>\n<p>Inspirados en la est\u00e9tica de las tradicionales fiestas de <em><strong>New York<\/strong><\/em>, las fragancias de <strong>Carolina Herrera<\/strong> y su majestuoso \u00e1rbol navide\u00f1o son los protagonistas, por sexto a\u00f1o consecutivo, de uno de los espacios m\u00e1s imponentes de<strong><em> Buenos Aires<\/em><\/strong>, la c\u00fapula central del<strong> Shopping Galer\u00edas Pac\u00edfico.<\/strong><\/p>\n<p><strong>Luc\u00eda Celasco<\/strong> fue una de las invitadas exclusivas a inaugurar el \u00e1rbol de navidad y eligi\u00f3 sus fragancias favoritas de Carolina Herrera para regalar estas fiestas. <strong>Minerva Casero<\/strong>\u00a0y su novio <strong>Toto Kirzner<\/strong> tambi\u00e9n fueron parte de la celebraci\u00f3n y posaron muy divertidos junto al \u00e1rbol inspirado en el Hotel Carolina. Adem\u00e1s estuvo presente <strong>Juli\u00e1n Serrano<\/strong>, qui\u00e9n se declar\u00f3 fan\u00e1tico de los festejos de Navidad y de las fragancias de la marca.<\/p>\n\r\n\t\t<style type='text\/css'>\r\n\t\t\t#gallery-1 {\r\n\t\t\t\tmargin: auto;\r\n\t\t\t}\r\n\t\t\t#gallery-1 .gallery-item {\r\n\t\t\t\tfloat: left;\r\n\t\t\t\tmargin-top: 10px;\r\n\t\t\t\ttext-align: center;\r\n\t\t\t\twidth: 33%;\r\n\t\t\t}\r\n\t\t\t#gallery-1 img {\r\n\t\t\t\tborder: 2px solid #cfcfcf;\r\n\t\t\t}\r\n\t\t\t#gallery-1 .gallery-caption {\r\n\t\t\t\tmargin-left: 0;\r\n\t\t\t}\r\n\t\t<\/style>\r\n\t\t<!-- see gallery_shortcode() in wp-includes\/media.php -->\n\t\t<div id='gallery-1' class='gallery galleryid-10432 gallery-columns-3 gallery-size-full gallery1'><script type=\"text\/javascript\">\r\n\/\/ <![CDATA[\r\n\tjQuery(document).ready(function () {\r\n\t\tjQuery(\".gallery1 a\").attr(\"rel\",\"gallery1\");\t\r\n\t\tjQuery('a[rel=\"gallery1\"]').colorbox({maxWidth:\"95%\", maxHeight:\"95%\",title: function(){ return jQuery(this).children().attr(\"alt\"); }, });\r\n\t});\r\n\/\/ ]]>\r\n<\/script>\n<dl class=\"gallery-item\">\n<dt class=\"gallery-icon\">\r\n<a href=\"https:\/\/www.lasrosas.com.ar\/portal\/wp-content\/uploads\/Minerva-Casero-en-el-Arbol-de-Navidad-de-CH-Carolina-Herrera-en-Galerias-Pacifico-25-1280x1920.jpg\" title=\"\" rel=\"gallery1\"><img decoding=\"async\" data-src=\"https:\/\/www.lasrosas.com.ar\/portal\/wp-content\/uploads\/Minerva-Casero-en-el-Arbol-de-Navidad-de-CH-Carolina-Herrera-en-Galerias-Pacifico-25.jpg\" width=\"2333\" height=\"3500\" alt=\"\" src=\"data:image\/svg+xml;base64,PHN2ZyB3aWR0aD0iMSIgaGVpZ2h0PSIxIiB4bWxucz0iaHR0cDovL3d3dy53My5vcmcvMjAwMC9zdmciPjwvc3ZnPg==\" class=\"lazyload\" style=\"--smush-placeholder-width: 2333px; --smush-placeholder-aspect-ratio: 2333\/3500;\" \/><\/a>\r\n<\/dt><\/dl><dl class=\"gallery-item\">\n<dt class=\"gallery-icon\">\r\n<a href=\"https:\/\/www.lasrosas.com.ar\/portal\/wp-content\/uploads\/Toto-Kirzner-en-el-Arbol-de-Navidad-de-CH-Carolina-Herrera-en-Galerias-Pacifico-12-1280x1920.jpg\" title=\"\" rel=\"gallery1\"><img decoding=\"async\" data-src=\"https:\/\/www.lasrosas.com.ar\/portal\/wp-content\/uploads\/Toto-Kirzner-en-el-Arbol-de-Navidad-de-CH-Carolina-Herrera-en-Galerias-Pacifico-12.jpg\" width=\"2333\" height=\"3500\" alt=\"\" src=\"data:image\/svg+xml;base64,PHN2ZyB3aWR0aD0iMSIgaGVpZ2h0PSIxIiB4bWxucz0iaHR0cDovL3d3dy53My5vcmcvMjAwMC9zdmciPjwvc3ZnPg==\" class=\"lazyload\" style=\"--smush-placeholder-width: 2333px; --smush-placeholder-aspect-ratio: 2333\/3500;\" \/><\/a>\r\n<\/dt><\/dl><dl class=\"gallery-item\">\n<dt class=\"gallery-icon\">\r\n<a href=\"https:\/\/www.lasrosas.com.ar\/portal\/wp-content\/uploads\/Lucia-Celasco-en-el-Arbol-de-Navidad-de-CH-Carolina-Herrera-en-Galerias-Pacifico-46-1280x1920.jpg\" title=\"\" rel=\"gallery1\"><img decoding=\"async\" data-src=\"https:\/\/www.lasrosas.com.ar\/portal\/wp-content\/uploads\/Lucia-Celasco-en-el-Arbol-de-Navidad-de-CH-Carolina-Herrera-en-Galerias-Pacifico-46.jpg\" width=\"2333\" height=\"3500\" alt=\"\" src=\"data:image\/svg+xml;base64,PHN2ZyB3aWR0aD0iMSIgaGVpZ2h0PSIxIiB4bWxucz0iaHR0cDovL3d3dy53My5vcmcvMjAwMC9zdmciPjwvc3ZnPg==\" class=\"lazyload\" style=\"--smush-placeholder-width: 2333px; --smush-placeholder-aspect-ratio: 2333\/3500;\" \/><\/a>\r\n<\/dt><\/dl><br style=\"clear: both\" \/>\r\n\t\t<\/div>\n\n<p>Bajo el claim <strong>#AlegriaComesInRed<\/strong>, el rojo, el color emblema de la firma visti\u00f3 el pie del \u00e1rbol que marca un punto de encuentro durante la temporada m\u00e1s festiva del a\u00f1o. Quienes los visiten se sorprender\u00e1n con una instalaci\u00f3n que transmitir\u00e1 la alegr\u00eda de vivir, la atenci\u00f3n al detalle y el buen gusto tan caracter\u00edstico de la casa <strong>Herrera.<\/strong><\/p>\n\r\n\t\t<style type='text\/css'>\r\n\t\t\t#gallery-2 {\r\n\t\t\t\tmargin: auto;\r\n\t\t\t}\r\n\t\t\t#gallery-2 .gallery-item {\r\n\t\t\t\tfloat: left;\r\n\t\t\t\tmargin-top: 10px;\r\n\t\t\t\ttext-align: center;\r\n\t\t\t\twidth: 33%;\r\n\t\t\t}\r\n\t\t\t#gallery-2 img {\r\n\t\t\t\tborder: 2px solid #cfcfcf;\r\n\t\t\t}\r\n\t\t\t#gallery-2 .gallery-caption {\r\n\t\t\t\tmargin-left: 0;\r\n\t\t\t}\r\n\t\t<\/style>\r\n\t\t<!-- see gallery_shortcode() in wp-includes\/media.php -->\n\t\t<div id='gallery-2' class='gallery galleryid-10432 gallery-columns-3 gallery-size-full gallery1'><script type=\"text\/javascript\">\r\n\/\/ <![CDATA[\r\n\tjQuery(document).ready(function () {\r\n\t\tjQuery(\".gallery1 a\").attr(\"rel\",\"gallery1\");\t\r\n\t\tjQuery('a[rel=\"gallery1\"]').colorbox({maxWidth:\"95%\", maxHeight:\"95%\",title: function(){ return jQuery(this).children().attr(\"alt\"); }, });\r\n\t});\r\n\/\/ ]]>\r\n<\/script>\n<dl class=\"gallery-item\">\n<dt class=\"gallery-icon\">\r\n<a href=\"https:\/\/www.lasrosas.com.ar\/portal\/wp-content\/uploads\/Minerva-Casero-y-Toto-Kirzner-en-el-Arbol-de-Navidad-de-CH-Carolina-Herrera-en-Galerias-Pacifico-17-1280x1920.jpg\" title=\"\" rel=\"gallery1\"><img decoding=\"async\" data-src=\"https:\/\/www.lasrosas.com.ar\/portal\/wp-content\/uploads\/Minerva-Casero-y-Toto-Kirzner-en-el-Arbol-de-Navidad-de-CH-Carolina-Herrera-en-Galerias-Pacifico-17.jpg\" width=\"2333\" height=\"3500\" alt=\"\" src=\"data:image\/svg+xml;base64,PHN2ZyB3aWR0aD0iMSIgaGVpZ2h0PSIxIiB4bWxucz0iaHR0cDovL3d3dy53My5vcmcvMjAwMC9zdmciPjwvc3ZnPg==\" class=\"lazyload\" style=\"--smush-placeholder-width: 2333px; --smush-placeholder-aspect-ratio: 2333\/3500;\" \/><\/a>\r\n<\/dt><\/dl><dl class=\"gallery-item\">\n<dt class=\"gallery-icon\">\r\n<a href=\"https:\/\/www.lasrosas.com.ar\/portal\/wp-content\/uploads\/Lucia-Celasco-en-el-Arbol-de-Navidad-de-CH-Carolina-Herrera-en-Galerias-Pacifico-44-1280x1920.jpg\" title=\"\" rel=\"gallery1\"><img decoding=\"async\" data-src=\"https:\/\/www.lasrosas.com.ar\/portal\/wp-content\/uploads\/Lucia-Celasco-en-el-Arbol-de-Navidad-de-CH-Carolina-Herrera-en-Galerias-Pacifico-44.jpg\" width=\"2333\" height=\"3500\" alt=\"\" src=\"data:image\/svg+xml;base64,PHN2ZyB3aWR0aD0iMSIgaGVpZ2h0PSIxIiB4bWxucz0iaHR0cDovL3d3dy53My5vcmcvMjAwMC9zdmciPjwvc3ZnPg==\" class=\"lazyload\" style=\"--smush-placeholder-width: 2333px; --smush-placeholder-aspect-ratio: 2333\/3500;\" \/><\/a>\r\n<\/dt><\/dl><dl class=\"gallery-item\">\n<dt class=\"gallery-icon\">\r\n<a href=\"https:\/\/www.lasrosas.com.ar\/portal\/wp-content\/uploads\/Julian-Serrano-en-el-Arbol-de-Navidad-de-CH-Carolina-Herrera-en-Galerias-Pacifico-5-1280x1920.jpg\" title=\"\" rel=\"gallery1\"><img decoding=\"async\" data-src=\"https:\/\/www.lasrosas.com.ar\/portal\/wp-content\/uploads\/Julian-Serrano-en-el-Arbol-de-Navidad-de-CH-Carolina-Herrera-en-Galerias-Pacifico-5.jpg\" width=\"2333\" height=\"3500\" alt=\"\" src=\"data:image\/svg+xml;base64,PHN2ZyB3aWR0aD0iMSIgaGVpZ2h0PSIxIiB4bWxucz0iaHR0cDovL3d3dy53My5vcmcvMjAwMC9zdmciPjwvc3ZnPg==\" class=\"lazyload\" style=\"--smush-placeholder-width: 2333px; --smush-placeholder-aspect-ratio: 2333\/3500;\" \/><\/a>\r\n<\/dt><\/dl><br style=\"clear: both\" \/>\r\n\t\t<\/div>\n\n<p>&nbsp;<\/p>\n<!-- AddThis Advanced Settings generic via filter on the_content --><!-- AddThis Share Buttons generic via filter on the_content -->","protected":false},"excerpt":{"rendered":"<p>La marca de moda y fragancias marca el inicio de la temporada de fiestas instalando su ic\u00f3nico \u00e1rbol navide\u00f1o bajo la imponente c\u00fapula del Shopping Galer\u00edas Pac\u00edfico. El espacio estar\u00e1 abierto al p\u00fablico y se podr\u00e1 visitar del 18 de noviembre al 6 de enero de 2019 de forma gratuita. \u00a0 La Navidad es una [&hellip;]<!-- AddThis Advanced Settings generic via filter on get_the_excerpt --><!-- AddThis Share Buttons generic via filter on get_the_excerpt --><\/p>\n","protected":false},"author":6,"featured_media":10439,"comment_status":"closed","ping_status":"open","sticky":false,"template":"","format":"standard","meta":{"_acf_changed":false,"om_disable_all_campaigns":false,"_monsterinsights_skip_tracking":false,"_monsterinsights_sitenote_active":false,"_monsterinsights_sitenote_note":"","_monsterinsights_sitenote_category":0,"_uf_show_specific_survey":0,"_uf_disable_surveys":false,"footnotes":""},"categories":[30],"tags":[],"class_list":["post-10432","post","type-post","status-publish","format-standard","has-post-thumbnail","hentry","category-moda"],"acf":[],"aioseo_notices":[],"_links":{"self":[{"href":"https:\/\/www.lasrosas.com.ar\/portal\/wp-json\/wp\/v2\/posts\/10432","targetHints":{"allow":["GET"]}}],"collection":[{"href":"https:\/\/www.lasrosas.com.ar\/portal\/wp-json\/wp\/v2\/posts"}],"about":[{"href":"https:\/\/www.lasrosas.com.ar\/portal\/wp-json\/wp\/v2\/types\/post"}],"author":[{"embeddable":true,"href":"https:\/\/www.lasrosas.com.ar\/portal\/wp-json\/wp\/v2\/users\/6"}],"replies":[{"embeddable":true,"href":"https:\/\/www.lasrosas.com.ar\/portal\/wp-json\/wp\/v2\/comments?post=10432"}],"version-history":[{"count":0,"href":"https:\/\/www.lasrosas.com.ar\/portal\/wp-json\/wp\/v2\/posts\/10432\/revisions"}],"wp:featuredmedia":[{"embeddable":true,"href":"https:\/\/www.lasrosas.com.ar\/portal\/wp-json\/wp\/v2\/media\/10439"}],"wp:attachment":[{"href":"https:\/\/www.lasrosas.com.ar\/portal\/wp-json\/wp\/v2\/media?parent=10432"}],"wp:term":[{"taxonomy":"category","embeddable":true,"href":"https:\/\/www.lasrosas.com.ar\/portal\/wp-json\/wp\/v2\/categories?post=10432"},{"taxonomy":"post_tag","embeddable":true,"href":"https:\/\/www.lasrosas.com.ar\/portal\/wp-json\/wp\/v2\/tags?post=10432"}],"curies":[{"name":"wp","href":"https:\/\/api.w.org\/{rel}","templated":true}]}}