{"id":1024,"date":"2017-09-04T12:22:13","date_gmt":"2017-09-04T15:22:13","guid":{"rendered":"https:\/\/www.lasrosas.com.ar\/portal\/?p=1024"},"modified":"2017-09-04T12:22:13","modified_gmt":"2017-09-04T15:22:13","slug":"we-work","status":"publish","type":"post","link":"https:\/\/www.lasrosas.com.ar\/portal\/we-work\/","title":{"rendered":"WE WORK"},"content":{"rendered":"<h3>La plataforma de trabajo colaborativo m\u00e1s importante de Estados Unidos ya tiene su primera sede en Buenos Aires.<\/h3>\n\r\n\t\t<style type='text\/css'>\r\n\t\t\t#gallery-1 {\r\n\t\t\t\tmargin: auto;\r\n\t\t\t}\r\n\t\t\t#gallery-1 .gallery-item {\r\n\t\t\t\tfloat: left;\r\n\t\t\t\tmargin-top: 10px;\r\n\t\t\t\ttext-align: center;\r\n\t\t\t\twidth: 50%;\r\n\t\t\t}\r\n\t\t\t#gallery-1 img {\r\n\t\t\t\tborder: 2px solid #cfcfcf;\r\n\t\t\t}\r\n\t\t\t#gallery-1 .gallery-caption {\r\n\t\t\t\tmargin-left: 0;\r\n\t\t\t}\r\n\t\t<\/style>\r\n\t\t<!-- see gallery_shortcode() in wp-includes\/media.php -->\n\t\t<div id='gallery-1' class='gallery galleryid-1024 gallery-columns-2 gallery-size-medium gallery1'><script type=\"text\/javascript\">\r\n\/\/ <![CDATA[\r\n\tjQuery(document).ready(function () {\r\n\t\tjQuery(\".gallery1 a\").attr(\"rel\",\"gallery1\");\t\r\n\t\tjQuery('a[rel=\"gallery1\"]').colorbox({maxWidth:\"95%\", maxHeight:\"95%\",title: function(){ return jQuery(this).children().attr(\"alt\"); }, });\r\n\t});\r\n\/\/ ]]>\r\n<\/script>\n<dl class=\"gallery-item\">\n<dt class=\"gallery-icon\">\r\n<a href=\"https:\/\/www.lasrosas.com.ar\/portal\/wp-content\/uploads\/WeWork-Torre-Bellini-Common-Areas-1-1920x1280.jpg\" title=\"Buenos Aires, Argentina.\nJuly, 2017. \nInterior Photography for We Work, Torre Bellini.\nPH: Caro Patlis \nPA: Florencio Silveyra\nwww.caropatlis.com\" rel=\"gallery1\"><img decoding=\"async\" data-src=\"https:\/\/www.lasrosas.com.ar\/portal\/wp-content\/uploads\/WeWork-Torre-Bellini-Common-Areas-1-960x640.jpg\" width=\"960\" height=\"640\" alt=\"Buenos Aires, Argentina.\nJuly, 2017. \nInterior Photography for We Work, Torre Bellini.\nPH: Caro Patlis \nPA: Florencio Silveyra\nwww.caropatlis.com\" src=\"data:image\/svg+xml;base64,PHN2ZyB3aWR0aD0iMSIgaGVpZ2h0PSIxIiB4bWxucz0iaHR0cDovL3d3dy53My5vcmcvMjAwMC9zdmciPjwvc3ZnPg==\" class=\"lazyload\" style=\"--smush-placeholder-width: 960px; --smush-placeholder-aspect-ratio: 960\/640;\" \/><\/a>\r\n<\/dt><dd class=\"gallery-caption\" id=\"caption1035\"><span class=\"imagecaption\">Buenos Aires, Argentina.\nJuly, 2017. \nInterior Photography for We Work, Torre Bellini.\nPH: Caro Patlis \nPA: Florencio Silveyra\nwww.caropatlis.com<\/span><br \/>\n<\/dd><\/dl><dl class=\"gallery-item\">\n<dt class=\"gallery-icon\">\r\n<a href=\"https:\/\/www.lasrosas.com.ar\/portal\/wp-content\/uploads\/WeWork-Torre-Bellini-24o-1920x1280.jpg\" title=\"Buenos Aires, Argentina.\nJuly, 2017. \nInterior Photography for We Work, Torre Bellini.\nPH: Caro Patlis \nPA: Florencio Silveyra\nwww.caropatlis.com\" rel=\"gallery1\"><img decoding=\"async\" data-src=\"https:\/\/www.lasrosas.com.ar\/portal\/wp-content\/uploads\/WeWork-Torre-Bellini-24o-960x640.jpg\" width=\"960\" height=\"640\" alt=\"Buenos Aires, Argentina.\nJuly, 2017. \nInterior Photography for We Work, Torre Bellini.\nPH: Caro Patlis \nPA: Florencio Silveyra\nwww.caropatlis.com\" src=\"data:image\/svg+xml;base64,PHN2ZyB3aWR0aD0iMSIgaGVpZ2h0PSIxIiB4bWxucz0iaHR0cDovL3d3dy53My5vcmcvMjAwMC9zdmciPjwvc3ZnPg==\" class=\"lazyload\" style=\"--smush-placeholder-width: 960px; --smush-placeholder-aspect-ratio: 960\/640;\" \/><\/a>\r\n<\/dt><dd class=\"gallery-caption\" id=\"caption1032\"><span class=\"imagecaption\">Buenos Aires, Argentina.\nJuly, 2017. \nInterior Photography for We Work, Torre Bellini.\nPH: Caro Patlis \nPA: Florencio Silveyra\nwww.caropatlis.com<\/span><br \/>\n<\/dd><\/dl><br style=\"clear: both\" \/><dl class=\"gallery-item\">\n<dt class=\"gallery-icon\">\r\n<a href=\"https:\/\/www.lasrosas.com.ar\/portal\/wp-content\/uploads\/WeWork-Torre-Bellini-24o-4-1920x1280.jpg\" title=\"Buenos Aires, Argentina.\nJuly, 2017. \nInterior Photography for We Work, Torre Bellini.\nPH: Caro Patlis \nPA: Florencio Silveyra\nwww.caropatlis.com\" rel=\"gallery1\"><img decoding=\"async\" data-src=\"https:\/\/www.lasrosas.com.ar\/portal\/wp-content\/uploads\/WeWork-Torre-Bellini-24o-4-960x640.jpg\" width=\"960\" height=\"640\" alt=\"Buenos Aires, Argentina.\nJuly, 2017. \nInterior Photography for We Work, Torre Bellini.\nPH: Caro Patlis \nPA: Florencio Silveyra\nwww.caropatlis.com\" src=\"data:image\/svg+xml;base64,PHN2ZyB3aWR0aD0iMSIgaGVpZ2h0PSIxIiB4bWxucz0iaHR0cDovL3d3dy53My5vcmcvMjAwMC9zdmciPjwvc3ZnPg==\" class=\"lazyload\" style=\"--smush-placeholder-width: 960px; --smush-placeholder-aspect-ratio: 960\/640;\" \/><\/a>\r\n<\/dt><dd class=\"gallery-caption\" id=\"caption1031\"><span class=\"imagecaption\">Buenos Aires, Argentina.\nJuly, 2017. \nInterior Photography for We Work, Torre Bellini.\nPH: Caro Patlis \nPA: Florencio Silveyra\nwww.caropatlis.com<\/span><br \/>\n<\/dd><\/dl><dl class=\"gallery-item\">\n<dt class=\"gallery-icon\">\r\n<a href=\"https:\/\/www.lasrosas.com.ar\/portal\/wp-content\/uploads\/WeWork-Torre-Bellini-24o-3-1920x1280.jpg\" title=\"Buenos Aires, Argentina.\nJuly, 2017. \nInterior Photography for We Work, Torre Bellini.\nPH: Caro Patlis \nPA: Florencio Silveyra\nwww.caropatlis.com\" rel=\"gallery1\"><img decoding=\"async\" data-src=\"https:\/\/www.lasrosas.com.ar\/portal\/wp-content\/uploads\/WeWork-Torre-Bellini-24o-3-960x640.jpg\" width=\"960\" height=\"640\" alt=\"Buenos Aires, Argentina.\nJuly, 2017. \nInterior Photography for We Work, Torre Bellini.\nPH: Caro Patlis \nPA: Florencio Silveyra\nwww.caropatlis.com\" src=\"data:image\/svg+xml;base64,PHN2ZyB3aWR0aD0iMSIgaGVpZ2h0PSIxIiB4bWxucz0iaHR0cDovL3d3dy53My5vcmcvMjAwMC9zdmciPjwvc3ZnPg==\" class=\"lazyload\" style=\"--smush-placeholder-width: 960px; --smush-placeholder-aspect-ratio: 960\/640;\" \/><\/a>\r\n<\/dt><dd class=\"gallery-caption\" id=\"caption1030\"><span class=\"imagecaption\">Buenos Aires, Argentina.\nJuly, 2017. \nInterior Photography for We Work, Torre Bellini.\nPH: Caro Patlis \nPA: Florencio Silveyra\nwww.caropatlis.com<\/span><br \/>\n<\/dd><\/dl><br style=\"clear: both\" \/>\r\n\t\t<\/div>\n\n<hr \/>\n<h3 style=\"text-align: center;\"><em>\u201c\u2026We Work, busca liderar el camino hacia una nueva forma de trabajo colaborativo, donde\u00a0 redefine el concepto de espacios de co-working, donde el ocio y el trabajo vayan de la mano para lograr un networking de forma integral\u2026\u201d<\/em><\/h3>\n<hr \/>\n\r\n\t\t<style type='text\/css'>\r\n\t\t\t#gallery-2 {\r\n\t\t\t\tmargin: auto;\r\n\t\t\t}\r\n\t\t\t#gallery-2 .gallery-item {\r\n\t\t\t\tfloat: left;\r\n\t\t\t\tmargin-top: 10px;\r\n\t\t\t\ttext-align: center;\r\n\t\t\t\twidth: 50%;\r\n\t\t\t}\r\n\t\t\t#gallery-2 img {\r\n\t\t\t\tborder: 2px solid #cfcfcf;\r\n\t\t\t}\r\n\t\t\t#gallery-2 .gallery-caption {\r\n\t\t\t\tmargin-left: 0;\r\n\t\t\t}\r\n\t\t<\/style>\r\n\t\t<!-- see gallery_shortcode() in wp-includes\/media.php -->\n\t\t<div id='gallery-2' class='gallery galleryid-1024 gallery-columns-2 gallery-size-medium gallery1'><script type=\"text\/javascript\">\r\n\/\/ <![CDATA[\r\n\tjQuery(document).ready(function () {\r\n\t\tjQuery(\".gallery1 a\").attr(\"rel\",\"gallery1\");\t\r\n\t\tjQuery('a[rel=\"gallery1\"]').colorbox({maxWidth:\"95%\", maxHeight:\"95%\",title: function(){ return jQuery(this).children().attr(\"alt\"); }, });\r\n\t});\r\n\/\/ ]]>\r\n<\/script>\n<dl class=\"gallery-item\">\n<dt class=\"gallery-icon\">\r\n<a href=\"https:\/\/www.lasrosas.com.ar\/portal\/wp-content\/uploads\/WeWork-Torre-Bellini-Dogs-1-1920x1280.jpg\" title=\"Buenos Aires, Argentina.\nJuly, 2017. \nInterior Photography for We Work, Torre Bellini.\nPH: Caro Patlis \nPA: Florencio Silveyra\nwww.caropatlis.com\" rel=\"gallery1\"><img decoding=\"async\" data-src=\"https:\/\/www.lasrosas.com.ar\/portal\/wp-content\/uploads\/WeWork-Torre-Bellini-Dogs-1-960x640.jpg\" width=\"960\" height=\"640\" alt=\"Buenos Aires, Argentina.\nJuly, 2017. \nInterior Photography for We Work, Torre Bellini.\nPH: Caro Patlis \nPA: Florencio Silveyra\nwww.caropatlis.com\" src=\"data:image\/svg+xml;base64,PHN2ZyB3aWR0aD0iMSIgaGVpZ2h0PSIxIiB4bWxucz0iaHR0cDovL3d3dy53My5vcmcvMjAwMC9zdmciPjwvc3ZnPg==\" class=\"lazyload\" style=\"--smush-placeholder-width: 960px; --smush-placeholder-aspect-ratio: 960\/640;\" \/><\/a>\r\n<\/dt><dd class=\"gallery-caption\" id=\"caption1037\"><span class=\"imagecaption\">Buenos Aires, Argentina.\nJuly, 2017. \nInterior Photography for We Work, Torre Bellini.\nPH: Caro Patlis \nPA: Florencio Silveyra\nwww.caropatlis.com<\/span><br \/>\n<\/dd><\/dl><dl class=\"gallery-item\">\n<dt class=\"gallery-icon\">\r\n<a href=\"https:\/\/www.lasrosas.com.ar\/portal\/wp-content\/uploads\/WeWork-Torre-Bellini-Kitchen-Area-2-1920x1280.jpg\" title=\"Buenos Aires, Argentina.\rJuly, 2017. \rInterior Photography for We Work, Torre Bellini.\rPH: Caro Patlis \rPA: Florencio Silveyra\rwww.caropatlis.com\" rel=\"gallery1\"><img decoding=\"async\" data-src=\"https:\/\/www.lasrosas.com.ar\/portal\/wp-content\/uploads\/WeWork-Torre-Bellini-Kitchen-Area-2-960x640.jpg\" width=\"960\" height=\"640\" alt=\"Buenos Aires, Argentina.\rJuly, 2017. \rInterior Photography for We Work, Torre Bellini.\rPH: Caro Patlis \rPA: Florencio Silveyra\rwww.caropatlis.com\" src=\"data:image\/svg+xml;base64,PHN2ZyB3aWR0aD0iMSIgaGVpZ2h0PSIxIiB4bWxucz0iaHR0cDovL3d3dy53My5vcmcvMjAwMC9zdmciPjwvc3ZnPg==\" class=\"lazyload\" style=\"--smush-placeholder-width: 960px; --smush-placeholder-aspect-ratio: 960\/640;\" \/><\/a>\r\n<\/dt><dd class=\"gallery-caption\" id=\"caption1038\"><span class=\"imagecaption\">Buenos Aires, Argentina.\rJuly, 2017. \rInterior Photography for We Work, Torre Bellini.\rPH: Caro Patlis \rPA: Florencio Silveyra\rwww.caropatlis.com<\/span><br \/>\n<\/dd><\/dl><br style=\"clear: both\" \/><dl class=\"gallery-item\">\n<dt class=\"gallery-icon\">\r\n<a href=\"https:\/\/www.lasrosas.com.ar\/portal\/wp-content\/uploads\/WeWork-Torre-Bellini-Lobby-3-1920x1280.jpg\" title=\"Buenos Aires, Argentina.\rJuly, 2017. \rInterior Photography for We Work, Torre Bellini.\rPH: Caro Patlis \rPA: Florencio Silveyra\rwww.caropatlis.com\" rel=\"gallery1\"><img decoding=\"async\" data-src=\"https:\/\/www.lasrosas.com.ar\/portal\/wp-content\/uploads\/WeWork-Torre-Bellini-Lobby-3-960x640.jpg\" width=\"960\" height=\"640\" alt=\"Buenos Aires, Argentina.\rJuly, 2017. \rInterior Photography for We Work, Torre Bellini.\rPH: Caro Patlis \rPA: Florencio Silveyra\rwww.caropatlis.com\" src=\"data:image\/svg+xml;base64,PHN2ZyB3aWR0aD0iMSIgaGVpZ2h0PSIxIiB4bWxucz0iaHR0cDovL3d3dy53My5vcmcvMjAwMC9zdmciPjwvc3ZnPg==\" class=\"lazyload\" style=\"--smush-placeholder-width: 960px; --smush-placeholder-aspect-ratio: 960\/640;\" \/><\/a>\r\n<\/dt><dd class=\"gallery-caption\" id=\"caption1039\"><span class=\"imagecaption\">Buenos Aires, Argentina.\rJuly, 2017. \rInterior Photography for We Work, Torre Bellini.\rPH: Caro Patlis \rPA: Florencio Silveyra\rwww.caropatlis.com<\/span><br \/>\n<\/dd><\/dl><dl class=\"gallery-item\">\n<dt class=\"gallery-icon\">\r\n<a href=\"https:\/\/www.lasrosas.com.ar\/portal\/wp-content\/uploads\/WeWork-Torre-Bellini-Lobby-1920x1280.jpg\" title=\"Buenos Aires, Argentina.\rJuly, 2017. \rInterior Photography for We Work, Torre Bellini.\rPH: Caro Patlis \rPA: Florencio Silveyra\rwww.caropatlis.com\" rel=\"gallery1\"><img decoding=\"async\" data-src=\"https:\/\/www.lasrosas.com.ar\/portal\/wp-content\/uploads\/WeWork-Torre-Bellini-Lobby-960x640.jpg\" width=\"960\" height=\"640\" alt=\"Buenos Aires, Argentina.\rJuly, 2017. \rInterior Photography for We Work, Torre Bellini.\rPH: Caro Patlis \rPA: Florencio Silveyra\rwww.caropatlis.com\" src=\"data:image\/svg+xml;base64,PHN2ZyB3aWR0aD0iMSIgaGVpZ2h0PSIxIiB4bWxucz0iaHR0cDovL3d3dy53My5vcmcvMjAwMC9zdmciPjwvc3ZnPg==\" class=\"lazyload\" style=\"--smush-placeholder-width: 960px; --smush-placeholder-aspect-ratio: 960\/640;\" \/><\/a>\r\n<\/dt><dd class=\"gallery-caption\" id=\"caption1040\"><span class=\"imagecaption\">Buenos Aires, Argentina.\rJuly, 2017. \rInterior Photography for We Work, Torre Bellini.\rPH: Caro Patlis \rPA: Florencio Silveyra\rwww.caropatlis.com<\/span><br \/>\n<\/dd><\/dl><br style=\"clear: both\" \/>\r\n\t\t<\/div>\n\n<hr \/>\n<h3 style=\"text-align: center;\"><em>\u201c\u2026Cuenta un impresionante lobby con triple altura, con una pared para escalar para usar en cualquier momento del d\u00eda; tambi\u00e9n cuenta con distintos amenities para todos los miembros que incluyen cocinas con caf\u00e9 y cerveza, salas de juegos, meditaci\u00f3n y salas de reuniones, e incluso un incre\u00edble rooftop con parrilla\u2026\u201d<\/em><\/h3>\n<hr \/>\n<p><img decoding=\"async\" class=\"size-full wp-image-1042 lazyload\" data-src=\"https:\/\/www.lasrosas.com.ar\/portal\/wp-content\/uploads\/WeWork-Torre-Bellini-Terraza1-e1504538405634.jpg\" alt=\"\" width=\"750\" height=\"500\" src=\"data:image\/svg+xml;base64,PHN2ZyB3aWR0aD0iMSIgaGVpZ2h0PSIxIiB4bWxucz0iaHR0cDovL3d3dy53My5vcmcvMjAwMC9zdmciPjwvc3ZnPg==\" style=\"--smush-placeholder-width: 750px; --smush-placeholder-aspect-ratio: 750\/500;\" \/><\/p>\n<!-- AddThis Advanced Settings generic via filter on the_content --><!-- AddThis Share Buttons generic via filter on the_content -->","protected":false},"excerpt":{"rendered":"<p>La plataforma de trabajo colaborativo m\u00e1s importante de Estados Unidos ya tiene su primera sede en Buenos Aires. \u201c\u2026We Work, busca liderar el camino hacia una nueva forma de trabajo colaborativo, donde\u00a0 redefine el concepto de espacios de co-working, donde el ocio y el trabajo vayan de la mano para lograr un networking de forma [&hellip;]<!-- AddThis Advanced Settings generic via filter on get_the_excerpt --><!-- AddThis Share Buttons generic via filter on get_the_excerpt --><\/p>\n","protected":false},"author":6,"featured_media":1028,"comment_status":"closed","ping_status":"open","sticky":false,"template":"","format":"standard","meta":{"_acf_changed":false,"om_disable_all_campaigns":false,"_monsterinsights_skip_tracking":false,"_monsterinsights_sitenote_active":false,"_monsterinsights_sitenote_note":"","_monsterinsights_sitenote_category":0,"_uf_show_specific_survey":0,"_uf_disable_surveys":false,"footnotes":""},"categories":[31],"tags":[79,44,80,81],"class_list":["post-1024","post","type-post","status-publish","format-standard","has-post-thumbnail","hentry","category-arquitectura-decoracion","tag-arquitectura","tag-buenos-aires","tag-decoracion","tag-torres-bellini"],"acf":[],"aioseo_notices":[],"_links":{"self":[{"href":"https:\/\/www.lasrosas.com.ar\/portal\/wp-json\/wp\/v2\/posts\/1024","targetHints":{"allow":["GET"]}}],"collection":[{"href":"https:\/\/www.lasrosas.com.ar\/portal\/wp-json\/wp\/v2\/posts"}],"about":[{"href":"https:\/\/www.lasrosas.com.ar\/portal\/wp-json\/wp\/v2\/types\/post"}],"author":[{"embeddable":true,"href":"https:\/\/www.lasrosas.com.ar\/portal\/wp-json\/wp\/v2\/users\/6"}],"replies":[{"embeddable":true,"href":"https:\/\/www.lasrosas.com.ar\/portal\/wp-json\/wp\/v2\/comments?post=1024"}],"version-history":[{"count":0,"href":"https:\/\/www.lasrosas.com.ar\/portal\/wp-json\/wp\/v2\/posts\/1024\/revisions"}],"wp:featuredmedia":[{"embeddable":true,"href":"https:\/\/www.lasrosas.com.ar\/portal\/wp-json\/wp\/v2\/media\/1028"}],"wp:attachment":[{"href":"https:\/\/www.lasrosas.com.ar\/portal\/wp-json\/wp\/v2\/media?parent=1024"}],"wp:term":[{"taxonomy":"category","embeddable":true,"href":"https:\/\/www.lasrosas.com.ar\/portal\/wp-json\/wp\/v2\/categories?post=1024"},{"taxonomy":"post_tag","embeddable":true,"href":"https:\/\/www.lasrosas.com.ar\/portal\/wp-json\/wp\/v2\/tags?post=1024"}],"curies":[{"name":"wp","href":"https:\/\/api.w.org\/{rel}","templated":true}]}}