{"id":10037,"date":"2018-11-28T15:44:20","date_gmt":"2018-11-28T18:44:20","guid":{"rendered":"https:\/\/www.lasrosas.com.ar\/portal\/?p=10037"},"modified":"2018-11-28T15:44:20","modified_gmt":"2018-11-28T18:44:20","slug":"coldplay-tiene-nueva-identidad","status":"publish","type":"post","link":"https:\/\/www.lasrosas.com.ar\/portal\/coldplay-tiene-nueva-identidad\/","title":{"rendered":"COLDPLAY TIENE NUEVA IDENTIDAD"},"content":{"rendered":"<h3><strong>La banda brit\u00e1nica encara otro proyecto bajo una nueva identidad. Escuch\u00e1 el primer tema de esta propuesta in\u00e9dita.<\/strong><\/h3>\n<p>El sello discogr\u00e1fico <strong>Parlaphone<\/strong>, que trabaja hace a\u00f1os con <strong>Coldplay<\/strong>, present\u00f3 la nueva banda llamada <strong>\u00abLos unidades\u00bb<\/strong> conformada por <strong>Chris Mart\u00edn, Jon Buckland, Guy Berryman <\/strong>y <strong>Will Champion.<\/strong><\/p>\n<p>En la portada del disco se visualiza el nombre de la nueva banda con la imagen difusa de los cuatro m\u00fasicos. Tambi\u00e9n se encuentra la misteriosa leyenda <em><strong>\u201cY02LPAC81ODL\u201d<\/strong><\/em>, que ha sido interpretada por muchos fans como un anagrama para <strong><em>\u00abColdplay 2018\u00bb.\u00a0<\/em><\/strong><\/p>\n<p><img decoding=\"async\" class=\"alignnone size-full wp-image-10042 lazyload\" data-src=\"https:\/\/www.lasrosas.com.ar\/portal\/wp-content\/uploads\/los-unidades-tapa-cd.jpg\" alt=\"\" width=\"687\" height=\"849\" src=\"data:image\/svg+xml;base64,PHN2ZyB3aWR0aD0iMSIgaGVpZ2h0PSIxIiB4bWxucz0iaHR0cDovL3d3dy53My5vcmcvMjAwMC9zdmciPjwvc3ZnPg==\" style=\"--smush-placeholder-width: 687px; --smush-placeholder-aspect-ratio: 687\/849;\" \/><\/p>\n<p>El martes se lanz\u00f3 el primer sencillo de <strong>\u00abLos Unidades\u00bb<\/strong>, junto al cantante <strong>Pharell Williams<\/strong>, llamada <strong>\u00abE-Lo\u00bb<\/strong>.Esta nueva canci\u00f3n formar\u00e1 parte del CD <strong>Globan Citizen EP1,<\/strong> que ser\u00e1 lanzado el 30 de noviembre para reunir dinero para apoyar las campa\u00f1as de <strong>Globan Citizen<\/strong> para reducir la pobreza extrema.<\/p>\n<p><strong>A continuaci\u00f3n te presentamos el nuevo tema.<\/strong><\/p>\n<p><iframe data-src=\"https:\/\/www.youtube.com\/embed\/Yn2HovoAj1U\" width=\"956\" height=\"538\" frameborder=\"0\" allowfullscreen=\"allowfullscreen\" src=\"data:image\/svg+xml;base64,PHN2ZyB3aWR0aD0iMSIgaGVpZ2h0PSIxIiB4bWxucz0iaHR0cDovL3d3dy53My5vcmcvMjAwMC9zdmciPjwvc3ZnPg==\" class=\"lazyload\" data-load-mode=\"1\"><\/iframe><\/p>\n<p>&nbsp;<\/p>\n<p>&nbsp;<\/p>\n<!-- AddThis Advanced Settings generic via filter on the_content --><!-- AddThis Share Buttons generic via filter on the_content -->","protected":false},"excerpt":{"rendered":"<p>La banda brit\u00e1nica encara otro proyecto bajo una nueva identidad. Escuch\u00e1 el primer tema de esta propuesta in\u00e9dita. El sello discogr\u00e1fico Parlaphone, que trabaja hace a\u00f1os con Coldplay, present\u00f3 la nueva banda llamada \u00abLos unidades\u00bb conformada por Chris Mart\u00edn, Jon Buckland, Guy Berryman y Will Champion. En la portada del disco se visualiza el nombre [&hellip;]<!-- AddThis Advanced Settings generic via filter on get_the_excerpt --><!-- AddThis Share Buttons generic via filter on get_the_excerpt --><\/p>\n","protected":false},"author":6,"featured_media":10041,"comment_status":"closed","ping_status":"open","sticky":false,"template":"","format":"standard","meta":{"_acf_changed":false,"om_disable_all_campaigns":false,"_monsterinsights_skip_tracking":false,"_monsterinsights_sitenote_active":false,"_monsterinsights_sitenote_note":"","_monsterinsights_sitenote_category":0,"_uf_show_specific_survey":0,"_uf_disable_surveys":false,"footnotes":""},"categories":[25],"tags":[],"class_list":["post-10037","post","type-post","status-publish","format-standard","has-post-thumbnail","hentry","category-radio"],"acf":[],"aioseo_notices":[],"_links":{"self":[{"href":"https:\/\/www.lasrosas.com.ar\/portal\/wp-json\/wp\/v2\/posts\/10037","targetHints":{"allow":["GET"]}}],"collection":[{"href":"https:\/\/www.lasrosas.com.ar\/portal\/wp-json\/wp\/v2\/posts"}],"about":[{"href":"https:\/\/www.lasrosas.com.ar\/portal\/wp-json\/wp\/v2\/types\/post"}],"author":[{"embeddable":true,"href":"https:\/\/www.lasrosas.com.ar\/portal\/wp-json\/wp\/v2\/users\/6"}],"replies":[{"embeddable":true,"href":"https:\/\/www.lasrosas.com.ar\/portal\/wp-json\/wp\/v2\/comments?post=10037"}],"version-history":[{"count":0,"href":"https:\/\/www.lasrosas.com.ar\/portal\/wp-json\/wp\/v2\/posts\/10037\/revisions"}],"wp:featuredmedia":[{"embeddable":true,"href":"https:\/\/www.lasrosas.com.ar\/portal\/wp-json\/wp\/v2\/media\/10041"}],"wp:attachment":[{"href":"https:\/\/www.lasrosas.com.ar\/portal\/wp-json\/wp\/v2\/media?parent=10037"}],"wp:term":[{"taxonomy":"category","embeddable":true,"href":"https:\/\/www.lasrosas.com.ar\/portal\/wp-json\/wp\/v2\/categories?post=10037"},{"taxonomy":"post_tag","embeddable":true,"href":"https:\/\/www.lasrosas.com.ar\/portal\/wp-json\/wp\/v2\/tags?post=10037"}],"curies":[{"name":"wp","href":"https:\/\/api.w.org\/{rel}","templated":true}]}}