{"id":10008,"date":"2018-11-27T16:55:19","date_gmt":"2018-11-27T19:55:19","guid":{"rendered":"https:\/\/www.lasrosas.com.ar\/portal\/?p=10008"},"modified":"2018-11-27T16:55:19","modified_gmt":"2018-11-27T19:55:19","slug":"todos-los-looks-de-los-martin-fierro-de-radio-2018","status":"publish","type":"post","link":"https:\/\/www.lasrosas.com.ar\/portal\/todos-los-looks-de-los-martin-fierro-de-radio-2018\/","title":{"rendered":"TODOS LOS LOOKS DE LOS MART\u00cdN FIERRO DE RADIO 2018"},"content":{"rendered":"<h3><strong>Anoche, se realiz\u00f3 el evento organizado por\u00a0APTRA en el Hotel Sheraton bajo la conducci\u00f3n de Mariano Peluffo y Pampita. La celebraci\u00f3n reuni\u00f3 a grandes figuras de la radio que pasaron por la alfombra roja. Te mostramos los looks de la gala de los Mart\u00edn Fierro de Radio 2018.<\/strong><\/h3>\n<p><img decoding=\"async\" class=\"alignnone size-medium wp-image-10009 lazyload\" data-src=\"https:\/\/www.lasrosas.com.ar\/portal\/wp-content\/uploads\/Martin-Fierro-de-Radio-2018-Alfombra-roja-19-673x960.jpg\" alt=\"\" width=\"673\" height=\"960\" data-srcset=\"https:\/\/www.lasrosas.com.ar\/portal\/wp-content\/uploads\/Martin-Fierro-de-Radio-2018-Alfombra-roja-19-673x960.jpg 673w, https:\/\/www.lasrosas.com.ar\/portal\/wp-content\/uploads\/Martin-Fierro-de-Radio-2018-Alfombra-roja-19-1346x1920.jpg 1346w, https:\/\/www.lasrosas.com.ar\/portal\/wp-content\/uploads\/Martin-Fierro-de-Radio-2018-Alfombra-roja-19.jpg 1920w\" data-sizes=\"(max-width: 673px) 100vw, 673px\" src=\"data:image\/svg+xml;base64,PHN2ZyB3aWR0aD0iMSIgaGVpZ2h0PSIxIiB4bWxucz0iaHR0cDovL3d3dy53My5vcmcvMjAwMC9zdmciPjwvc3ZnPg==\" style=\"--smush-placeholder-width: 673px; --smush-placeholder-aspect-ratio: 673\/960;\" \/><\/p>\n<p><img decoding=\"async\" class=\"alignnone size-medium wp-image-10010 lazyload\" data-src=\"https:\/\/www.lasrosas.com.ar\/portal\/wp-content\/uploads\/Martin-Fierro-de-Radio-2018-Alfombra-roja-12-705x960.jpg\" alt=\"\" width=\"705\" height=\"960\" data-srcset=\"https:\/\/www.lasrosas.com.ar\/portal\/wp-content\/uploads\/Martin-Fierro-de-Radio-2018-Alfombra-roja-12-705x960.jpg 705w, https:\/\/www.lasrosas.com.ar\/portal\/wp-content\/uploads\/Martin-Fierro-de-Radio-2018-Alfombra-roja-12-1410x1920.jpg 1410w, https:\/\/www.lasrosas.com.ar\/portal\/wp-content\/uploads\/Martin-Fierro-de-Radio-2018-Alfombra-roja-12.jpg 1920w\" data-sizes=\"(max-width: 705px) 100vw, 705px\" src=\"data:image\/svg+xml;base64,PHN2ZyB3aWR0aD0iMSIgaGVpZ2h0PSIxIiB4bWxucz0iaHR0cDovL3d3dy53My5vcmcvMjAwMC9zdmciPjwvc3ZnPg==\" style=\"--smush-placeholder-width: 705px; --smush-placeholder-aspect-ratio: 705\/960;\" \/><\/p>\n<p><img decoding=\"async\" class=\"alignnone size-medium wp-image-10011 lazyload\" data-src=\"https:\/\/www.lasrosas.com.ar\/portal\/wp-content\/uploads\/Martin-Fierro-de-Radio-2018-Alfombra-roja-18-748x960.jpg\" alt=\"\" width=\"748\" height=\"960\" data-srcset=\"https:\/\/www.lasrosas.com.ar\/portal\/wp-content\/uploads\/Martin-Fierro-de-Radio-2018-Alfombra-roja-18-748x960.jpg 748w, https:\/\/www.lasrosas.com.ar\/portal\/wp-content\/uploads\/Martin-Fierro-de-Radio-2018-Alfombra-roja-18-1496x1920.jpg 1496w, https:\/\/www.lasrosas.com.ar\/portal\/wp-content\/uploads\/Martin-Fierro-de-Radio-2018-Alfombra-roja-18.jpg 1920w\" data-sizes=\"(max-width: 748px) 100vw, 748px\" src=\"data:image\/svg+xml;base64,PHN2ZyB3aWR0aD0iMSIgaGVpZ2h0PSIxIiB4bWxucz0iaHR0cDovL3d3dy53My5vcmcvMjAwMC9zdmciPjwvc3ZnPg==\" style=\"--smush-placeholder-width: 748px; --smush-placeholder-aspect-ratio: 748\/960;\" \/><\/p>\n<p><img decoding=\"async\" class=\"alignnone size-medium wp-image-10012 lazyload\" data-src=\"https:\/\/www.lasrosas.com.ar\/portal\/wp-content\/uploads\/Martin-Fierro-de-Radio-2018-Alfombra-roja-48-640x960.jpg\" alt=\"\" width=\"640\" height=\"960\" data-srcset=\"https:\/\/www.lasrosas.com.ar\/portal\/wp-content\/uploads\/Martin-Fierro-de-Radio-2018-Alfombra-roja-48-640x960.jpg 640w, https:\/\/www.lasrosas.com.ar\/portal\/wp-content\/uploads\/Martin-Fierro-de-Radio-2018-Alfombra-roja-48-1280x1920.jpg 1280w, https:\/\/www.lasrosas.com.ar\/portal\/wp-content\/uploads\/Martin-Fierro-de-Radio-2018-Alfombra-roja-48.jpg 1920w\" data-sizes=\"(max-width: 640px) 100vw, 640px\" src=\"data:image\/svg+xml;base64,PHN2ZyB3aWR0aD0iMSIgaGVpZ2h0PSIxIiB4bWxucz0iaHR0cDovL3d3dy53My5vcmcvMjAwMC9zdmciPjwvc3ZnPg==\" style=\"--smush-placeholder-width: 640px; --smush-placeholder-aspect-ratio: 640\/960;\" \/><\/p>\n<p><img decoding=\"async\" class=\"alignnone size-medium wp-image-10017 lazyload\" data-src=\"https:\/\/www.lasrosas.com.ar\/portal\/wp-content\/uploads\/Martin-Fierro-de-Radio-2018-Alfombra-roja-32-640x960.jpg\" alt=\"\" width=\"640\" height=\"960\" data-srcset=\"https:\/\/www.lasrosas.com.ar\/portal\/wp-content\/uploads\/Martin-Fierro-de-Radio-2018-Alfombra-roja-32-640x960.jpg 640w, https:\/\/www.lasrosas.com.ar\/portal\/wp-content\/uploads\/Martin-Fierro-de-Radio-2018-Alfombra-roja-32-1280x1920.jpg 1280w, https:\/\/www.lasrosas.com.ar\/portal\/wp-content\/uploads\/Martin-Fierro-de-Radio-2018-Alfombra-roja-32.jpg 1920w\" data-sizes=\"(max-width: 640px) 100vw, 640px\" src=\"data:image\/svg+xml;base64,PHN2ZyB3aWR0aD0iMSIgaGVpZ2h0PSIxIiB4bWxucz0iaHR0cDovL3d3dy53My5vcmcvMjAwMC9zdmciPjwvc3ZnPg==\" style=\"--smush-placeholder-width: 640px; --smush-placeholder-aspect-ratio: 640\/960;\" \/><\/p>\n<p><img decoding=\"async\" class=\"alignnone size-medium wp-image-10015 lazyload\" data-src=\"https:\/\/www.lasrosas.com.ar\/portal\/wp-content\/uploads\/Martin-Fierro-de-Radio-2018-Alfombra-roja-24-960x616.jpg\" alt=\"\" width=\"960\" height=\"616\" data-srcset=\"https:\/\/www.lasrosas.com.ar\/portal\/wp-content\/uploads\/Martin-Fierro-de-Radio-2018-Alfombra-roja-24-960x616.jpg 960w, https:\/\/www.lasrosas.com.ar\/portal\/wp-content\/uploads\/Martin-Fierro-de-Radio-2018-Alfombra-roja-24.jpg 1920w\" data-sizes=\"(max-width: 960px) 100vw, 960px\" src=\"data:image\/svg+xml;base64,PHN2ZyB3aWR0aD0iMSIgaGVpZ2h0PSIxIiB4bWxucz0iaHR0cDovL3d3dy53My5vcmcvMjAwMC9zdmciPjwvc3ZnPg==\" style=\"--smush-placeholder-width: 960px; --smush-placeholder-aspect-ratio: 960\/616;\" \/><\/p>\n<p><img decoding=\"async\" class=\"alignnone size-medium wp-image-10013 lazyload\" data-src=\"https:\/\/www.lasrosas.com.ar\/portal\/wp-content\/uploads\/Martin-Fierro-de-Radio-2018-Alfombra-roja-60-670x960.jpg\" alt=\"\" width=\"670\" height=\"960\" data-srcset=\"https:\/\/www.lasrosas.com.ar\/portal\/wp-content\/uploads\/Martin-Fierro-de-Radio-2018-Alfombra-roja-60-670x960.jpg 670w, https:\/\/www.lasrosas.com.ar\/portal\/wp-content\/uploads\/Martin-Fierro-de-Radio-2018-Alfombra-roja-60-1340x1920.jpg 1340w, https:\/\/www.lasrosas.com.ar\/portal\/wp-content\/uploads\/Martin-Fierro-de-Radio-2018-Alfombra-roja-60.jpg 1920w\" data-sizes=\"(max-width: 670px) 100vw, 670px\" src=\"data:image\/svg+xml;base64,PHN2ZyB3aWR0aD0iMSIgaGVpZ2h0PSIxIiB4bWxucz0iaHR0cDovL3d3dy53My5vcmcvMjAwMC9zdmciPjwvc3ZnPg==\" style=\"--smush-placeholder-width: 670px; --smush-placeholder-aspect-ratio: 670\/960;\" \/><\/p>\n<p><img decoding=\"async\" class=\"alignnone size-medium wp-image-10018 lazyload\" data-src=\"https:\/\/www.lasrosas.com.ar\/portal\/wp-content\/uploads\/Martin-Fierro-de-Radio-2018-Alfombra-roja-43-721x960.jpg\" alt=\"\" width=\"721\" height=\"960\" data-srcset=\"https:\/\/www.lasrosas.com.ar\/portal\/wp-content\/uploads\/Martin-Fierro-de-Radio-2018-Alfombra-roja-43-721x960.jpg 721w, https:\/\/www.lasrosas.com.ar\/portal\/wp-content\/uploads\/Martin-Fierro-de-Radio-2018-Alfombra-roja-43-1442x1920.jpg 1442w, https:\/\/www.lasrosas.com.ar\/portal\/wp-content\/uploads\/Martin-Fierro-de-Radio-2018-Alfombra-roja-43.jpg 1920w\" data-sizes=\"(max-width: 721px) 100vw, 721px\" src=\"data:image\/svg+xml;base64,PHN2ZyB3aWR0aD0iMSIgaGVpZ2h0PSIxIiB4bWxucz0iaHR0cDovL3d3dy53My5vcmcvMjAwMC9zdmciPjwvc3ZnPg==\" style=\"--smush-placeholder-width: 721px; --smush-placeholder-aspect-ratio: 721\/960;\" \/><\/p>\n<p><img decoding=\"async\" class=\"alignnone size-medium wp-image-10016 lazyload\" data-src=\"https:\/\/www.lasrosas.com.ar\/portal\/wp-content\/uploads\/Martin-Fierro-de-Radio-2018-Alfombra-roja-31-960x595.jpg\" alt=\"\" width=\"960\" height=\"595\" data-srcset=\"https:\/\/www.lasrosas.com.ar\/portal\/wp-content\/uploads\/Martin-Fierro-de-Radio-2018-Alfombra-roja-31-960x595.jpg 960w, https:\/\/www.lasrosas.com.ar\/portal\/wp-content\/uploads\/Martin-Fierro-de-Radio-2018-Alfombra-roja-31.jpg 1920w\" data-sizes=\"(max-width: 960px) 100vw, 960px\" src=\"data:image\/svg+xml;base64,PHN2ZyB3aWR0aD0iMSIgaGVpZ2h0PSIxIiB4bWxucz0iaHR0cDovL3d3dy53My5vcmcvMjAwMC9zdmciPjwvc3ZnPg==\" style=\"--smush-placeholder-width: 960px; --smush-placeholder-aspect-ratio: 960\/595;\" \/><\/p>\n<p><img decoding=\"async\" class=\"alignnone size-medium wp-image-10014 lazyload\" data-src=\"https:\/\/www.lasrosas.com.ar\/portal\/wp-content\/uploads\/Martin-Fierro-de-Radio-2018-Alfombra-roja-62-737x960.jpg\" alt=\"\" width=\"737\" height=\"960\" data-srcset=\"https:\/\/www.lasrosas.com.ar\/portal\/wp-content\/uploads\/Martin-Fierro-de-Radio-2018-Alfombra-roja-62-737x960.jpg 737w, https:\/\/www.lasrosas.com.ar\/portal\/wp-content\/uploads\/Martin-Fierro-de-Radio-2018-Alfombra-roja-62-1475x1920.jpg 1475w, https:\/\/www.lasrosas.com.ar\/portal\/wp-content\/uploads\/Martin-Fierro-de-Radio-2018-Alfombra-roja-62.jpg 1920w\" data-sizes=\"(max-width: 737px) 100vw, 737px\" src=\"data:image\/svg+xml;base64,PHN2ZyB3aWR0aD0iMSIgaGVpZ2h0PSIxIiB4bWxucz0iaHR0cDovL3d3dy53My5vcmcvMjAwMC9zdmciPjwvc3ZnPg==\" style=\"--smush-placeholder-width: 737px; --smush-placeholder-aspect-ratio: 737\/960;\" \/><\/p>\n<p>&nbsp;<\/p>\n<!-- AddThis Advanced Settings generic via filter on the_content --><!-- AddThis Share Buttons generic via filter on the_content -->","protected":false},"excerpt":{"rendered":"<p>Anoche, se realiz\u00f3 el evento organizado por\u00a0APTRA en el Hotel Sheraton bajo la conducci\u00f3n de Mariano Peluffo y Pampita. La celebraci\u00f3n reuni\u00f3 a grandes figuras de la radio que pasaron por la alfombra roja. Te mostramos los looks de la gala de los Mart\u00edn Fierro de Radio 2018. &nbsp;<!-- AddThis Advanced Settings generic via filter on get_the_excerpt --><!-- AddThis Share Buttons generic via filter on get_the_excerpt --><\/p>\n","protected":false},"author":6,"featured_media":10020,"comment_status":"closed","ping_status":"open","sticky":false,"template":"","format":"standard","meta":{"_acf_changed":false,"om_disable_all_campaigns":false,"_monsterinsights_skip_tracking":false,"_monsterinsights_sitenote_active":false,"_monsterinsights_sitenote_note":"","_monsterinsights_sitenote_category":0,"_uf_show_specific_survey":0,"_uf_disable_surveys":false,"footnotes":""},"categories":[100],"tags":[],"class_list":["post-10008","post","type-post","status-publish","format-standard","has-post-thumbnail","hentry","category-noticias"],"acf":[],"aioseo_notices":[],"_links":{"self":[{"href":"https:\/\/www.lasrosas.com.ar\/portal\/wp-json\/wp\/v2\/posts\/10008","targetHints":{"allow":["GET"]}}],"collection":[{"href":"https:\/\/www.lasrosas.com.ar\/portal\/wp-json\/wp\/v2\/posts"}],"about":[{"href":"https:\/\/www.lasrosas.com.ar\/portal\/wp-json\/wp\/v2\/types\/post"}],"author":[{"embeddable":true,"href":"https:\/\/www.lasrosas.com.ar\/portal\/wp-json\/wp\/v2\/users\/6"}],"replies":[{"embeddable":true,"href":"https:\/\/www.lasrosas.com.ar\/portal\/wp-json\/wp\/v2\/comments?post=10008"}],"version-history":[{"count":0,"href":"https:\/\/www.lasrosas.com.ar\/portal\/wp-json\/wp\/v2\/posts\/10008\/revisions"}],"wp:featuredmedia":[{"embeddable":true,"href":"https:\/\/www.lasrosas.com.ar\/portal\/wp-json\/wp\/v2\/media\/10020"}],"wp:attachment":[{"href":"https:\/\/www.lasrosas.com.ar\/portal\/wp-json\/wp\/v2\/media?parent=10008"}],"wp:term":[{"taxonomy":"category","embeddable":true,"href":"https:\/\/www.lasrosas.com.ar\/portal\/wp-json\/wp\/v2\/categories?post=10008"},{"taxonomy":"post_tag","embeddable":true,"href":"https:\/\/www.lasrosas.com.ar\/portal\/wp-json\/wp\/v2\/tags?post=10008"}],"curies":[{"name":"wp","href":"https:\/\/api.w.org\/{rel}","templated":true}]}}